{"id":34527,"date":"2024-07-17T22:12:07","date_gmt":"2024-07-18T01:12:07","guid":{"rendered":"https:\/\/escoladailha.com.br\/portal\/?p=34527"},"modified":"2024-07-18T14:35:15","modified_gmt":"2024-07-18T17:35:15","slug":"2o-dia-do-encontrao-cultural-2024","status":"publish","type":"post","link":"https:\/\/escoladailha.com.br\/portal\/2o-dia-do-encontrao-cultural-2024\/","title":{"rendered":"2\u00ba dia do Encontr\u00e3o Cultural 2024"},"content":{"rendered":"<header class=\"entry-content-header\">2\u00ba dia do Encontr\u00e3o Cultural 2024<span class='post-meta-infos'><time class=\"date-container minor-meta updated\"  itemprop=\"datePublished\" datetime=\"2024-07-17T22:12:07-03:00\" >17\/07\/2024<\/time><\/span><\/header>\n<div class=\"flex_column av_one_full  flex_column_div av-zero-column-padding first  avia-builder-el-1  el_after_av_post_meta  el_before_av_two_third  \" style='border-radius:0px; '><section class=\"av_textblock_section \"  itemscope=\"itemscope\" itemtype=\"https:\/\/schema.org\/BlogPosting\" itemprop=\"blogPost\" ><div class='avia_textblock  '   itemprop=\"text\" ><div id='gallery-1' class='gallery galleryid-34527 gallery-columns-3 gallery-size-carousel'><div class=\"carousel_wrap isotope\"><div class=\"carousel_inner\"><div class='gallery-item' item_id='34520'><div class='gallery-item-inner'>\n\t\t\t<div class='gallery-icon landscape'>\n\t\t \t\t<a href=\"https:\/\/escoladailha.com.br\/portal\/wp-content\/uploads\/2024\/07\/42.Uma-historia-da-loucura-10-2010x1131.jpg\"><img loading=\"lazy\" decoding=\"async\" width=\"240\" height=\"190\" src=\"https:\/\/escoladailha.com.br\/portal\/wp-content\/uploads\/2024\/07\/42.Uma-historia-da-loucura-10-480x380.jpg\" class=\"attachment-carousel size-carousel\" alt=\"\" srcset=\"https:\/\/escoladailha.com.br\/portal\/wp-content\/uploads\/2024\/07\/42.Uma-historia-da-loucura-10-480x380.jpg 480w, https:\/\/escoladailha.com.br\/portal\/wp-content\/uploads\/2024\/07\/42.Uma-historia-da-loucura-10-232x184.jpg 232w\" sizes=\"auto, (max-width: 480px) 100vw, 480px\" \/><\/a>\n\t\t \t<\/div><\/div><\/div><div class='gallery-item' item_id='34519'><div class='gallery-item-inner'>\n\t\t\t<div class='gallery-icon landscape'>\n\t\t \t\t<a href=\"https:\/\/escoladailha.com.br\/portal\/wp-content\/uploads\/2024\/07\/42.Uma-historia-da-loucura-09-2010x1131.jpg\"><img loading=\"lazy\" decoding=\"async\" width=\"240\" height=\"190\" src=\"https:\/\/escoladailha.com.br\/portal\/wp-content\/uploads\/2024\/07\/42.Uma-historia-da-loucura-09-480x380.jpg\" class=\"attachment-carousel size-carousel\" alt=\"\" srcset=\"https:\/\/escoladailha.com.br\/portal\/wp-content\/uploads\/2024\/07\/42.Uma-historia-da-loucura-09-480x380.jpg 480w, https:\/\/escoladailha.com.br\/portal\/wp-content\/uploads\/2024\/07\/42.Uma-historia-da-loucura-09-232x184.jpg 232w\" sizes=\"auto, (max-width: 480px) 100vw, 480px\" \/><\/a>\n\t\t \t<\/div><\/div><\/div><div class='gallery-item' item_id='34518'><div class='gallery-item-inner'>\n\t\t\t<div class='gallery-icon portrait'>\n\t\t \t\t<a href=\"https:\/\/escoladailha.com.br\/portal\/wp-content\/uploads\/2024\/07\/42.Uma-historia-da-loucura-08-1131x2010.jpg\"><img loading=\"lazy\" decoding=\"async\" width=\"240\" height=\"190\" src=\"https:\/\/escoladailha.com.br\/portal\/wp-content\/uploads\/2024\/07\/42.Uma-historia-da-loucura-08-480x380.jpg\" class=\"attachment-carousel size-carousel\" alt=\"\" srcset=\"https:\/\/escoladailha.com.br\/portal\/wp-content\/uploads\/2024\/07\/42.Uma-historia-da-loucura-08-480x380.jpg 480w, https:\/\/escoladailha.com.br\/portal\/wp-content\/uploads\/2024\/07\/42.Uma-historia-da-loucura-08-232x184.jpg 232w\" sizes=\"auto, (max-width: 480px) 100vw, 480px\" \/><\/a>\n\t\t \t<\/div><\/div><\/div><div class='gallery-item' item_id='34517'><div class='gallery-item-inner'>\n\t\t\t<div class='gallery-icon portrait'>\n\t\t \t\t<a href=\"https:\/\/escoladailha.com.br\/portal\/wp-content\/uploads\/2024\/07\/42.Uma-historia-da-loucura-07-1131x2010.jpg\"><img loading=\"lazy\" decoding=\"async\" width=\"240\" height=\"190\" src=\"https:\/\/escoladailha.com.br\/portal\/wp-content\/uploads\/2024\/07\/42.Uma-historia-da-loucura-07-480x380.jpg\" class=\"attachment-carousel size-carousel\" alt=\"\" srcset=\"https:\/\/escoladailha.com.br\/portal\/wp-content\/uploads\/2024\/07\/42.Uma-historia-da-loucura-07-480x380.jpg 480w, https:\/\/escoladailha.com.br\/portal\/wp-content\/uploads\/2024\/07\/42.Uma-historia-da-loucura-07-232x184.jpg 232w\" sizes=\"auto, (max-width: 480px) 100vw, 480px\" \/><\/a>\n\t\t \t<\/div><\/div><\/div><div class='gallery-item' item_id='34516'><div class='gallery-item-inner'>\n\t\t\t<div class='gallery-icon landscape'>\n\t\t \t\t<a href=\"https:\/\/escoladailha.com.br\/portal\/wp-content\/uploads\/2024\/07\/42.Uma-historia-da-loucura-06-2010x1131.jpg\"><img loading=\"lazy\" decoding=\"async\" width=\"240\" height=\"190\" src=\"https:\/\/escoladailha.com.br\/portal\/wp-content\/uploads\/2024\/07\/42.Uma-historia-da-loucura-06-480x380.jpg\" class=\"attachment-carousel size-carousel\" alt=\"\" srcset=\"https:\/\/escoladailha.com.br\/portal\/wp-content\/uploads\/2024\/07\/42.Uma-historia-da-loucura-06-480x380.jpg 480w, https:\/\/escoladailha.com.br\/portal\/wp-content\/uploads\/2024\/07\/42.Uma-historia-da-loucura-06-232x184.jpg 232w\" sizes=\"auto, (max-width: 480px) 100vw, 480px\" \/><\/a>\n\t\t \t<\/div><\/div><\/div><div class='gallery-item' item_id='34515'><div class='gallery-item-inner'>\n\t\t\t<div class='gallery-icon landscape'>\n\t\t \t\t<a href=\"https:\/\/escoladailha.com.br\/portal\/wp-content\/uploads\/2024\/07\/42.Uma-historia-da-loucura-05-2010x1131.jpg\"><img loading=\"lazy\" decoding=\"async\" width=\"240\" height=\"190\" src=\"https:\/\/escoladailha.com.br\/portal\/wp-content\/uploads\/2024\/07\/42.Uma-historia-da-loucura-05-480x380.jpg\" class=\"attachment-carousel size-carousel\" alt=\"\" srcset=\"https:\/\/escoladailha.com.br\/portal\/wp-content\/uploads\/2024\/07\/42.Uma-historia-da-loucura-05-480x380.jpg 480w, https:\/\/escoladailha.com.br\/portal\/wp-content\/uploads\/2024\/07\/42.Uma-historia-da-loucura-05-232x184.jpg 232w\" sizes=\"auto, (max-width: 480px) 100vw, 480px\" \/><\/a>\n\t\t \t<\/div><\/div><\/div><div class='gallery-item' item_id='34514'><div class='gallery-item-inner'>\n\t\t\t<div class='gallery-icon landscape'>\n\t\t \t\t<a href=\"https:\/\/escoladailha.com.br\/portal\/wp-content\/uploads\/2024\/07\/42.Uma-historia-da-loucura-04-2010x1131.jpg\"><img loading=\"lazy\" decoding=\"async\" width=\"240\" height=\"190\" src=\"https:\/\/escoladailha.com.br\/portal\/wp-content\/uploads\/2024\/07\/42.Uma-historia-da-loucura-04-480x380.jpg\" class=\"attachment-carousel size-carousel\" alt=\"\" srcset=\"https:\/\/escoladailha.com.br\/portal\/wp-content\/uploads\/2024\/07\/42.Uma-historia-da-loucura-04-480x380.jpg 480w, https:\/\/escoladailha.com.br\/portal\/wp-content\/uploads\/2024\/07\/42.Uma-historia-da-loucura-04-232x184.jpg 232w\" sizes=\"auto, (max-width: 480px) 100vw, 480px\" \/><\/a>\n\t\t \t<\/div><\/div><\/div><div class='gallery-item' item_id='34513'><div class='gallery-item-inner'>\n\t\t\t<div class='gallery-icon portrait'>\n\t\t \t\t<a href=\"https:\/\/escoladailha.com.br\/portal\/wp-content\/uploads\/2024\/07\/42.Uma-historia-da-loucura-03-1131x2010.jpg\"><img loading=\"lazy\" decoding=\"async\" width=\"240\" height=\"190\" src=\"https:\/\/escoladailha.com.br\/portal\/wp-content\/uploads\/2024\/07\/42.Uma-historia-da-loucura-03-480x380.jpg\" class=\"attachment-carousel size-carousel\" alt=\"\" srcset=\"https:\/\/escoladailha.com.br\/portal\/wp-content\/uploads\/2024\/07\/42.Uma-historia-da-loucura-03-480x380.jpg 480w, https:\/\/escoladailha.com.br\/portal\/wp-content\/uploads\/2024\/07\/42.Uma-historia-da-loucura-03-232x184.jpg 232w\" sizes=\"auto, (max-width: 480px) 100vw, 480px\" \/><\/a>\n\t\t \t<\/div><\/div><\/div><div class='gallery-item' item_id='34512'><div class='gallery-item-inner'>\n\t\t\t<div class='gallery-icon landscape'>\n\t\t \t\t<a href=\"https:\/\/escoladailha.com.br\/portal\/wp-content\/uploads\/2024\/07\/42.Uma-historia-da-loucura-02-2010x1131.jpg\"><img loading=\"lazy\" decoding=\"async\" width=\"240\" height=\"190\" src=\"https:\/\/escoladailha.com.br\/portal\/wp-content\/uploads\/2024\/07\/42.Uma-historia-da-loucura-02-480x380.jpg\" class=\"attachment-carousel size-carousel\" alt=\"\" srcset=\"https:\/\/escoladailha.com.br\/portal\/wp-content\/uploads\/2024\/07\/42.Uma-historia-da-loucura-02-480x380.jpg 480w, https:\/\/escoladailha.com.br\/portal\/wp-content\/uploads\/2024\/07\/42.Uma-historia-da-loucura-02-232x184.jpg 232w\" sizes=\"auto, (max-width: 480px) 100vw, 480px\" \/><\/a>\n\t\t \t<\/div><\/div><\/div><div class='gallery-item' item_id='34511'><div class='gallery-item-inner'>\n\t\t\t<div class='gallery-icon landscape'>\n\t\t \t\t<a href=\"https:\/\/escoladailha.com.br\/portal\/wp-content\/uploads\/2024\/07\/42.Uma-historia-da-loucura-01-2010x1131.jpg\"><img loading=\"lazy\" decoding=\"async\" width=\"240\" height=\"190\" src=\"https:\/\/escoladailha.com.br\/portal\/wp-content\/uploads\/2024\/07\/42.Uma-historia-da-loucura-01-480x380.jpg\" class=\"attachment-carousel size-carousel\" alt=\"\" srcset=\"https:\/\/escoladailha.com.br\/portal\/wp-content\/uploads\/2024\/07\/42.Uma-historia-da-loucura-01-480x380.jpg 480w, https:\/\/escoladailha.com.br\/portal\/wp-content\/uploads\/2024\/07\/42.Uma-historia-da-loucura-01-232x184.jpg 232w\" sizes=\"auto, (max-width: 480px) 100vw, 480px\" \/><\/a>\n\t\t \t<\/div><\/div><\/div><div class='gallery-item' item_id='34510'><div class='gallery-item-inner'>\n\t\t\t<div class='gallery-icon landscape'>\n\t\t \t\t<a href=\"https:\/\/escoladailha.com.br\/portal\/wp-content\/uploads\/2024\/07\/42.Uma-historia-da-loucura-11-2010x1131.jpg\"><img loading=\"lazy\" decoding=\"async\" width=\"240\" height=\"190\" src=\"https:\/\/escoladailha.com.br\/portal\/wp-content\/uploads\/2024\/07\/42.Uma-historia-da-loucura-11-480x380.jpg\" class=\"attachment-carousel size-carousel\" alt=\"\" srcset=\"https:\/\/escoladailha.com.br\/portal\/wp-content\/uploads\/2024\/07\/42.Uma-historia-da-loucura-11-480x380.jpg 480w, https:\/\/escoladailha.com.br\/portal\/wp-content\/uploads\/2024\/07\/42.Uma-historia-da-loucura-11-232x184.jpg 232w\" sizes=\"auto, (max-width: 480px) 100vw, 480px\" \/><\/a>\n\t\t \t<\/div><\/div><\/div><div class='gallery-item' item_id='34509'><div class='gallery-item-inner'>\n\t\t\t<div class='gallery-icon landscape'>\n\t\t \t\t<a href=\"https:\/\/escoladailha.com.br\/portal\/wp-content\/uploads\/2024\/07\/42.Transicao-demografica-e-o-envelhecimento-8-2010x1131.jpg\"><img loading=\"lazy\" decoding=\"async\" width=\"240\" height=\"190\" src=\"https:\/\/escoladailha.com.br\/portal\/wp-content\/uploads\/2024\/07\/42.Transicao-demografica-e-o-envelhecimento-8-480x380.jpg\" class=\"attachment-carousel size-carousel\" alt=\"\" srcset=\"https:\/\/escoladailha.com.br\/portal\/wp-content\/uploads\/2024\/07\/42.Transicao-demografica-e-o-envelhecimento-8-480x380.jpg 480w, https:\/\/escoladailha.com.br\/portal\/wp-content\/uploads\/2024\/07\/42.Transicao-demografica-e-o-envelhecimento-8-232x184.jpg 232w\" sizes=\"auto, (max-width: 480px) 100vw, 480px\" \/><\/a>\n\t\t \t<\/div><\/div><\/div><div class='gallery-item' item_id='34508'><div class='gallery-item-inner'>\n\t\t\t<div class='gallery-icon landscape'>\n\t\t \t\t<a href=\"https:\/\/escoladailha.com.br\/portal\/wp-content\/uploads\/2024\/07\/42.Transicao-demografica-e-o-envelhecimento-7-2010x1131.jpg\"><img loading=\"lazy\" decoding=\"async\" width=\"240\" height=\"190\" src=\"https:\/\/escoladailha.com.br\/portal\/wp-content\/uploads\/2024\/07\/42.Transicao-demografica-e-o-envelhecimento-7-480x380.jpg\" class=\"attachment-carousel size-carousel\" alt=\"\" srcset=\"https:\/\/escoladailha.com.br\/portal\/wp-content\/uploads\/2024\/07\/42.Transicao-demografica-e-o-envelhecimento-7-480x380.jpg 480w, https:\/\/escoladailha.com.br\/portal\/wp-content\/uploads\/2024\/07\/42.Transicao-demografica-e-o-envelhecimento-7-232x184.jpg 232w\" sizes=\"auto, (max-width: 480px) 100vw, 480px\" \/><\/a>\n\t\t \t<\/div><\/div><\/div><div class='gallery-item' item_id='34507'><div class='gallery-item-inner'>\n\t\t\t<div class='gallery-icon landscape'>\n\t\t \t\t<a href=\"https:\/\/escoladailha.com.br\/portal\/wp-content\/uploads\/2024\/07\/42.Transicao-demografica-e-o-envelhecimento-6-2010x1131.jpg\"><img loading=\"lazy\" decoding=\"async\" width=\"240\" height=\"190\" src=\"https:\/\/escoladailha.com.br\/portal\/wp-content\/uploads\/2024\/07\/42.Transicao-demografica-e-o-envelhecimento-6-480x380.jpg\" class=\"attachment-carousel size-carousel\" alt=\"\" srcset=\"https:\/\/escoladailha.com.br\/portal\/wp-content\/uploads\/2024\/07\/42.Transicao-demografica-e-o-envelhecimento-6-480x380.jpg 480w, https:\/\/escoladailha.com.br\/portal\/wp-content\/uploads\/2024\/07\/42.Transicao-demografica-e-o-envelhecimento-6-232x184.jpg 232w\" sizes=\"auto, (max-width: 480px) 100vw, 480px\" \/><\/a>\n\t\t \t<\/div><\/div><\/div><div class='gallery-item' item_id='34506'><div class='gallery-item-inner'>\n\t\t\t<div class='gallery-icon landscape'>\n\t\t \t\t<a href=\"https:\/\/escoladailha.com.br\/portal\/wp-content\/uploads\/2024\/07\/42.Transicao-demografica-e-o-envelhecimento-5-2010x1131.jpg\"><img loading=\"lazy\" decoding=\"async\" width=\"240\" height=\"190\" src=\"https:\/\/escoladailha.com.br\/portal\/wp-content\/uploads\/2024\/07\/42.Transicao-demografica-e-o-envelhecimento-5-480x380.jpg\" class=\"attachment-carousel size-carousel\" alt=\"\" srcset=\"https:\/\/escoladailha.com.br\/portal\/wp-content\/uploads\/2024\/07\/42.Transicao-demografica-e-o-envelhecimento-5-480x380.jpg 480w, https:\/\/escoladailha.com.br\/portal\/wp-content\/uploads\/2024\/07\/42.Transicao-demografica-e-o-envelhecimento-5-232x184.jpg 232w\" sizes=\"auto, (max-width: 480px) 100vw, 480px\" \/><\/a>\n\t\t \t<\/div><\/div><\/div><div class='gallery-item' item_id='34505'><div class='gallery-item-inner'>\n\t\t\t<div class='gallery-icon landscape'>\n\t\t \t\t<a href=\"https:\/\/escoladailha.com.br\/portal\/wp-content\/uploads\/2024\/07\/42.Transicao-demografica-e-o-envelhecimento-4-2010x1131.jpg\"><img loading=\"lazy\" decoding=\"async\" width=\"240\" height=\"190\" src=\"https:\/\/escoladailha.com.br\/portal\/wp-content\/uploads\/2024\/07\/42.Transicao-demografica-e-o-envelhecimento-4-480x380.jpg\" class=\"attachment-carousel size-carousel\" alt=\"\" srcset=\"https:\/\/escoladailha.com.br\/portal\/wp-content\/uploads\/2024\/07\/42.Transicao-demografica-e-o-envelhecimento-4-480x380.jpg 480w, https:\/\/escoladailha.com.br\/portal\/wp-content\/uploads\/2024\/07\/42.Transicao-demografica-e-o-envelhecimento-4-232x184.jpg 232w\" sizes=\"auto, (max-width: 480px) 100vw, 480px\" \/><\/a>\n\t\t \t<\/div><\/div><\/div><div class='gallery-item' item_id='34504'><div class='gallery-item-inner'>\n\t\t\t<div class='gallery-icon landscape'>\n\t\t \t\t<a href=\"https:\/\/escoladailha.com.br\/portal\/wp-content\/uploads\/2024\/07\/42.Transicao-demografica-e-o-envelhecimento-3-2010x1131.jpg\"><img loading=\"lazy\" decoding=\"async\" width=\"240\" height=\"190\" src=\"https:\/\/escoladailha.com.br\/portal\/wp-content\/uploads\/2024\/07\/42.Transicao-demografica-e-o-envelhecimento-3-480x380.jpg\" class=\"attachment-carousel size-carousel\" alt=\"\" srcset=\"https:\/\/escoladailha.com.br\/portal\/wp-content\/uploads\/2024\/07\/42.Transicao-demografica-e-o-envelhecimento-3-480x380.jpg 480w, https:\/\/escoladailha.com.br\/portal\/wp-content\/uploads\/2024\/07\/42.Transicao-demografica-e-o-envelhecimento-3-232x184.jpg 232w\" sizes=\"auto, (max-width: 480px) 100vw, 480px\" \/><\/a>\n\t\t \t<\/div><\/div><\/div><div class='gallery-item' item_id='34503'><div class='gallery-item-inner'>\n\t\t\t<div class='gallery-icon landscape'>\n\t\t \t\t<a href=\"https:\/\/escoladailha.com.br\/portal\/wp-content\/uploads\/2024\/07\/42.Transicao-demografica-e-o-envelhecimento-2-2010x1131.jpg\"><img loading=\"lazy\" decoding=\"async\" width=\"240\" height=\"190\" src=\"https:\/\/escoladailha.com.br\/portal\/wp-content\/uploads\/2024\/07\/42.Transicao-demografica-e-o-envelhecimento-2-480x380.jpg\" class=\"attachment-carousel size-carousel\" alt=\"\" srcset=\"https:\/\/escoladailha.com.br\/portal\/wp-content\/uploads\/2024\/07\/42.Transicao-demografica-e-o-envelhecimento-2-480x380.jpg 480w, https:\/\/escoladailha.com.br\/portal\/wp-content\/uploads\/2024\/07\/42.Transicao-demografica-e-o-envelhecimento-2-232x184.jpg 232w\" sizes=\"auto, (max-width: 480px) 100vw, 480px\" \/><\/a>\n\t\t \t<\/div><\/div><\/div><div class='gallery-item' item_id='34502'><div class='gallery-item-inner'>\n\t\t\t<div class='gallery-icon landscape'>\n\t\t \t\t<a href=\"https:\/\/escoladailha.com.br\/portal\/wp-content\/uploads\/2024\/07\/42.Transicao-demografica-e-o-envelhecimento-1-2010x1131.jpg\"><img loading=\"lazy\" decoding=\"async\" width=\"240\" height=\"190\" src=\"https:\/\/escoladailha.com.br\/portal\/wp-content\/uploads\/2024\/07\/42.Transicao-demografica-e-o-envelhecimento-1-480x380.jpg\" class=\"attachment-carousel size-carousel\" alt=\"\" srcset=\"https:\/\/escoladailha.com.br\/portal\/wp-content\/uploads\/2024\/07\/42.Transicao-demografica-e-o-envelhecimento-1-480x380.jpg 480w, https:\/\/escoladailha.com.br\/portal\/wp-content\/uploads\/2024\/07\/42.Transicao-demografica-e-o-envelhecimento-1-232x184.jpg 232w\" sizes=\"auto, (max-width: 480px) 100vw, 480px\" \/><\/a>\n\t\t \t<\/div><\/div><\/div><div class='gallery-item' item_id='34501'><div class='gallery-item-inner'>\n\t\t\t<div class='gallery-icon landscape'>\n\t\t \t\t<a href=\"https:\/\/escoladailha.com.br\/portal\/wp-content\/uploads\/2024\/07\/42.Transicao-demografica-e-o-envelhecimento-9-2010x1131.jpg\"><img loading=\"lazy\" decoding=\"async\" width=\"240\" height=\"190\" src=\"https:\/\/escoladailha.com.br\/portal\/wp-content\/uploads\/2024\/07\/42.Transicao-demografica-e-o-envelhecimento-9-480x380.jpg\" class=\"attachment-carousel size-carousel\" alt=\"\" srcset=\"https:\/\/escoladailha.com.br\/portal\/wp-content\/uploads\/2024\/07\/42.Transicao-demografica-e-o-envelhecimento-9-480x380.jpg 480w, https:\/\/escoladailha.com.br\/portal\/wp-content\/uploads\/2024\/07\/42.Transicao-demografica-e-o-envelhecimento-9-232x184.jpg 232w\" sizes=\"auto, (max-width: 480px) 100vw, 480px\" \/><\/a>\n\t\t \t<\/div><\/div><\/div><div class='gallery-item' item_id='34500'><div class='gallery-item-inner'>\n\t\t\t<div class='gallery-icon landscape'>\n\t\t \t\t<a href=\"https:\/\/escoladailha.com.br\/portal\/wp-content\/uploads\/2024\/07\/42.Pontes-para-a-vida-O-acolhimento-de-migrantes-e-refugiados-08-2010x1131.jpg\"><img loading=\"lazy\" decoding=\"async\" width=\"240\" height=\"190\" src=\"https:\/\/escoladailha.com.br\/portal\/wp-content\/uploads\/2024\/07\/42.Pontes-para-a-vida-O-acolhimento-de-migrantes-e-refugiados-08-480x380.jpg\" class=\"attachment-carousel size-carousel\" alt=\"\" srcset=\"https:\/\/escoladailha.com.br\/portal\/wp-content\/uploads\/2024\/07\/42.Pontes-para-a-vida-O-acolhimento-de-migrantes-e-refugiados-08-480x380.jpg 480w, https:\/\/escoladailha.com.br\/portal\/wp-content\/uploads\/2024\/07\/42.Pontes-para-a-vida-O-acolhimento-de-migrantes-e-refugiados-08-232x184.jpg 232w\" sizes=\"auto, (max-width: 480px) 100vw, 480px\" \/><\/a>\n\t\t \t<\/div><\/div><\/div><div class='gallery-item' item_id='34499'><div class='gallery-item-inner'>\n\t\t\t<div class='gallery-icon portrait'>\n\t\t \t\t<a href=\"https:\/\/escoladailha.com.br\/portal\/wp-content\/uploads\/2024\/07\/42.Pontes-para-a-vida-O-acolhimento-de-migrantes-e-refugiados-07-1131x2010.jpg\"><img loading=\"lazy\" decoding=\"async\" width=\"240\" height=\"190\" src=\"https:\/\/escoladailha.com.br\/portal\/wp-content\/uploads\/2024\/07\/42.Pontes-para-a-vida-O-acolhimento-de-migrantes-e-refugiados-07-480x380.jpg\" class=\"attachment-carousel size-carousel\" alt=\"\" srcset=\"https:\/\/escoladailha.com.br\/portal\/wp-content\/uploads\/2024\/07\/42.Pontes-para-a-vida-O-acolhimento-de-migrantes-e-refugiados-07-480x380.jpg 480w, https:\/\/escoladailha.com.br\/portal\/wp-content\/uploads\/2024\/07\/42.Pontes-para-a-vida-O-acolhimento-de-migrantes-e-refugiados-07-232x184.jpg 232w\" sizes=\"auto, (max-width: 480px) 100vw, 480px\" \/><\/a>\n\t\t \t<\/div><\/div><\/div><div class='gallery-item' item_id='34498'><div class='gallery-item-inner'>\n\t\t\t<div class='gallery-icon landscape'>\n\t\t \t\t<a href=\"https:\/\/escoladailha.com.br\/portal\/wp-content\/uploads\/2024\/07\/42.Pontes-para-a-vida-O-acolhimento-de-migrantes-e-refugiados-06-2010x1131.jpg\"><img loading=\"lazy\" decoding=\"async\" width=\"240\" height=\"190\" src=\"https:\/\/escoladailha.com.br\/portal\/wp-content\/uploads\/2024\/07\/42.Pontes-para-a-vida-O-acolhimento-de-migrantes-e-refugiados-06-480x380.jpg\" class=\"attachment-carousel size-carousel\" alt=\"\" srcset=\"https:\/\/escoladailha.com.br\/portal\/wp-content\/uploads\/2024\/07\/42.Pontes-para-a-vida-O-acolhimento-de-migrantes-e-refugiados-06-480x380.jpg 480w, https:\/\/escoladailha.com.br\/portal\/wp-content\/uploads\/2024\/07\/42.Pontes-para-a-vida-O-acolhimento-de-migrantes-e-refugiados-06-232x184.jpg 232w\" sizes=\"auto, (max-width: 480px) 100vw, 480px\" \/><\/a>\n\t\t \t<\/div><\/div><\/div><div class='gallery-item' item_id='34497'><div class='gallery-item-inner'>\n\t\t\t<div class='gallery-icon portrait'>\n\t\t \t\t<a href=\"https:\/\/escoladailha.com.br\/portal\/wp-content\/uploads\/2024\/07\/42.Pontes-para-a-vida-O-acolhimento-de-migrantes-e-refugiados-05-1131x2010.jpg\"><img loading=\"lazy\" decoding=\"async\" width=\"240\" height=\"190\" src=\"https:\/\/escoladailha.com.br\/portal\/wp-content\/uploads\/2024\/07\/42.Pontes-para-a-vida-O-acolhimento-de-migrantes-e-refugiados-05-480x380.jpg\" class=\"attachment-carousel size-carousel\" alt=\"\" srcset=\"https:\/\/escoladailha.com.br\/portal\/wp-content\/uploads\/2024\/07\/42.Pontes-para-a-vida-O-acolhimento-de-migrantes-e-refugiados-05-480x380.jpg 480w, https:\/\/escoladailha.com.br\/portal\/wp-content\/uploads\/2024\/07\/42.Pontes-para-a-vida-O-acolhimento-de-migrantes-e-refugiados-05-232x184.jpg 232w\" sizes=\"auto, (max-width: 480px) 100vw, 480px\" \/><\/a>\n\t\t \t<\/div><\/div><\/div><div class='gallery-item' item_id='34496'><div class='gallery-item-inner'>\n\t\t\t<div class='gallery-icon landscape'>\n\t\t \t\t<a href=\"https:\/\/escoladailha.com.br\/portal\/wp-content\/uploads\/2024\/07\/42.Pontes-para-a-vida-O-acolhimento-de-migrantes-e-refugiados-04-2010x1131.jpg\"><img loading=\"lazy\" decoding=\"async\" width=\"240\" height=\"190\" src=\"https:\/\/escoladailha.com.br\/portal\/wp-content\/uploads\/2024\/07\/42.Pontes-para-a-vida-O-acolhimento-de-migrantes-e-refugiados-04-480x380.jpg\" class=\"attachment-carousel size-carousel\" alt=\"\" srcset=\"https:\/\/escoladailha.com.br\/portal\/wp-content\/uploads\/2024\/07\/42.Pontes-para-a-vida-O-acolhimento-de-migrantes-e-refugiados-04-480x380.jpg 480w, https:\/\/escoladailha.com.br\/portal\/wp-content\/uploads\/2024\/07\/42.Pontes-para-a-vida-O-acolhimento-de-migrantes-e-refugiados-04-232x184.jpg 232w\" sizes=\"auto, (max-width: 480px) 100vw, 480px\" \/><\/a>\n\t\t \t<\/div><\/div><\/div><div class='gallery-item' item_id='34495'><div class='gallery-item-inner'>\n\t\t\t<div class='gallery-icon portrait'>\n\t\t \t\t<a href=\"https:\/\/escoladailha.com.br\/portal\/wp-content\/uploads\/2024\/07\/42.Pontes-para-a-vida-O-acolhimento-de-migrantes-e-refugiados-03-1131x2010.jpg\"><img loading=\"lazy\" decoding=\"async\" width=\"240\" height=\"190\" src=\"https:\/\/escoladailha.com.br\/portal\/wp-content\/uploads\/2024\/07\/42.Pontes-para-a-vida-O-acolhimento-de-migrantes-e-refugiados-03-480x380.jpg\" class=\"attachment-carousel size-carousel\" alt=\"\" srcset=\"https:\/\/escoladailha.com.br\/portal\/wp-content\/uploads\/2024\/07\/42.Pontes-para-a-vida-O-acolhimento-de-migrantes-e-refugiados-03-480x380.jpg 480w, https:\/\/escoladailha.com.br\/portal\/wp-content\/uploads\/2024\/07\/42.Pontes-para-a-vida-O-acolhimento-de-migrantes-e-refugiados-03-232x184.jpg 232w\" sizes=\"auto, (max-width: 480px) 100vw, 480px\" \/><\/a>\n\t\t \t<\/div><\/div><\/div><div class='gallery-item' item_id='34494'><div class='gallery-item-inner'>\n\t\t\t<div class='gallery-icon portrait'>\n\t\t \t\t<a href=\"https:\/\/escoladailha.com.br\/portal\/wp-content\/uploads\/2024\/07\/42.Pontes-para-a-vida-O-acolhimento-de-migrantes-e-refugiados-02-1131x2010.jpg\"><img loading=\"lazy\" decoding=\"async\" width=\"240\" height=\"190\" src=\"https:\/\/escoladailha.com.br\/portal\/wp-content\/uploads\/2024\/07\/42.Pontes-para-a-vida-O-acolhimento-de-migrantes-e-refugiados-02-480x380.jpg\" class=\"attachment-carousel size-carousel\" alt=\"\" srcset=\"https:\/\/escoladailha.com.br\/portal\/wp-content\/uploads\/2024\/07\/42.Pontes-para-a-vida-O-acolhimento-de-migrantes-e-refugiados-02-480x380.jpg 480w, https:\/\/escoladailha.com.br\/portal\/wp-content\/uploads\/2024\/07\/42.Pontes-para-a-vida-O-acolhimento-de-migrantes-e-refugiados-02-232x184.jpg 232w\" sizes=\"auto, (max-width: 480px) 100vw, 480px\" \/><\/a>\n\t\t \t<\/div><\/div><\/div><div class='gallery-item' item_id='34493'><div class='gallery-item-inner'>\n\t\t\t<div class='gallery-icon landscape'>\n\t\t \t\t<a href=\"https:\/\/escoladailha.com.br\/portal\/wp-content\/uploads\/2024\/07\/42.Pontes-para-a-vida-O-acolhimento-de-migrantes-e-refugiados-01-2010x1131.jpg\"><img loading=\"lazy\" decoding=\"async\" width=\"240\" height=\"190\" src=\"https:\/\/escoladailha.com.br\/portal\/wp-content\/uploads\/2024\/07\/42.Pontes-para-a-vida-O-acolhimento-de-migrantes-e-refugiados-01-480x380.jpg\" class=\"attachment-carousel size-carousel\" alt=\"\" srcset=\"https:\/\/escoladailha.com.br\/portal\/wp-content\/uploads\/2024\/07\/42.Pontes-para-a-vida-O-acolhimento-de-migrantes-e-refugiados-01-480x380.jpg 480w, https:\/\/escoladailha.com.br\/portal\/wp-content\/uploads\/2024\/07\/42.Pontes-para-a-vida-O-acolhimento-de-migrantes-e-refugiados-01-232x184.jpg 232w\" sizes=\"auto, (max-width: 480px) 100vw, 480px\" \/><\/a>\n\t\t \t<\/div><\/div><\/div><div class='gallery-item' item_id='34492'><div class='gallery-item-inner'>\n\t\t\t<div class='gallery-icon landscape'>\n\t\t \t\t<a href=\"https:\/\/escoladailha.com.br\/portal\/wp-content\/uploads\/2024\/07\/42.Pontes-para-a-vida-O-acolhimento-de-migrantes-e-refugiados-09-2010x1131.jpg\"><img loading=\"lazy\" decoding=\"async\" width=\"240\" height=\"190\" src=\"https:\/\/escoladailha.com.br\/portal\/wp-content\/uploads\/2024\/07\/42.Pontes-para-a-vida-O-acolhimento-de-migrantes-e-refugiados-09-480x380.jpg\" class=\"attachment-carousel size-carousel\" alt=\"\" srcset=\"https:\/\/escoladailha.com.br\/portal\/wp-content\/uploads\/2024\/07\/42.Pontes-para-a-vida-O-acolhimento-de-migrantes-e-refugiados-09-480x380.jpg 480w, https:\/\/escoladailha.com.br\/portal\/wp-content\/uploads\/2024\/07\/42.Pontes-para-a-vida-O-acolhimento-de-migrantes-e-refugiados-09-232x184.jpg 232w\" sizes=\"auto, (max-width: 480px) 100vw, 480px\" \/><\/a>\n\t\t \t<\/div><\/div><\/div><div class='gallery-item' item_id='34491'><div class='gallery-item-inner'>\n\t\t\t<div class='gallery-icon portrait'>\n\t\t \t\t<a href=\"https:\/\/escoladailha.com.br\/portal\/wp-content\/uploads\/2024\/07\/42.Pontes-indestrutiveis-09-1131x2010.jpg\"><img loading=\"lazy\" decoding=\"async\" width=\"240\" height=\"190\" src=\"https:\/\/escoladailha.com.br\/portal\/wp-content\/uploads\/2024\/07\/42.Pontes-indestrutiveis-09-480x380.jpg\" class=\"attachment-carousel size-carousel\" alt=\"\" srcset=\"https:\/\/escoladailha.com.br\/portal\/wp-content\/uploads\/2024\/07\/42.Pontes-indestrutiveis-09-480x380.jpg 480w, https:\/\/escoladailha.com.br\/portal\/wp-content\/uploads\/2024\/07\/42.Pontes-indestrutiveis-09-232x184.jpg 232w\" sizes=\"auto, (max-width: 480px) 100vw, 480px\" \/><\/a>\n\t\t \t<\/div><\/div><\/div><div class='gallery-item' item_id='34490'><div class='gallery-item-inner'>\n\t\t\t<div class='gallery-icon landscape'>\n\t\t \t\t<a href=\"https:\/\/escoladailha.com.br\/portal\/wp-content\/uploads\/2024\/07\/42.Pontes-indestrutiveis-08-2010x1131.jpg\"><img loading=\"lazy\" decoding=\"async\" width=\"240\" height=\"190\" src=\"https:\/\/escoladailha.com.br\/portal\/wp-content\/uploads\/2024\/07\/42.Pontes-indestrutiveis-08-480x380.jpg\" class=\"attachment-carousel size-carousel\" alt=\"\" srcset=\"https:\/\/escoladailha.com.br\/portal\/wp-content\/uploads\/2024\/07\/42.Pontes-indestrutiveis-08-480x380.jpg 480w, https:\/\/escoladailha.com.br\/portal\/wp-content\/uploads\/2024\/07\/42.Pontes-indestrutiveis-08-232x184.jpg 232w\" sizes=\"auto, (max-width: 480px) 100vw, 480px\" \/><\/a>\n\t\t \t<\/div><\/div><\/div><div class='gallery-item' item_id='34489'><div class='gallery-item-inner'>\n\t\t\t<div class='gallery-icon portrait'>\n\t\t \t\t<a href=\"https:\/\/escoladailha.com.br\/portal\/wp-content\/uploads\/2024\/07\/42.Pontes-indestrutiveis-07-1131x2010.jpg\"><img loading=\"lazy\" decoding=\"async\" width=\"240\" height=\"190\" src=\"https:\/\/escoladailha.com.br\/portal\/wp-content\/uploads\/2024\/07\/42.Pontes-indestrutiveis-07-480x380.jpg\" class=\"attachment-carousel size-carousel\" alt=\"\" srcset=\"https:\/\/escoladailha.com.br\/portal\/wp-content\/uploads\/2024\/07\/42.Pontes-indestrutiveis-07-480x380.jpg 480w, https:\/\/escoladailha.com.br\/portal\/wp-content\/uploads\/2024\/07\/42.Pontes-indestrutiveis-07-232x184.jpg 232w\" sizes=\"auto, (max-width: 480px) 100vw, 480px\" \/><\/a>\n\t\t \t<\/div><\/div><\/div><div class='gallery-item' item_id='34488'><div class='gallery-item-inner'>\n\t\t\t<div class='gallery-icon portrait'>\n\t\t \t\t<a href=\"https:\/\/escoladailha.com.br\/portal\/wp-content\/uploads\/2024\/07\/42.Pontes-indestrutiveis-06-1131x2010.jpg\"><img loading=\"lazy\" decoding=\"async\" width=\"240\" height=\"190\" src=\"https:\/\/escoladailha.com.br\/portal\/wp-content\/uploads\/2024\/07\/42.Pontes-indestrutiveis-06-480x380.jpg\" class=\"attachment-carousel size-carousel\" alt=\"\" srcset=\"https:\/\/escoladailha.com.br\/portal\/wp-content\/uploads\/2024\/07\/42.Pontes-indestrutiveis-06-480x380.jpg 480w, https:\/\/escoladailha.com.br\/portal\/wp-content\/uploads\/2024\/07\/42.Pontes-indestrutiveis-06-232x184.jpg 232w\" sizes=\"auto, (max-width: 480px) 100vw, 480px\" \/><\/a>\n\t\t \t<\/div><\/div><\/div><div class='gallery-item' item_id='34487'><div class='gallery-item-inner'>\n\t\t\t<div class='gallery-icon portrait'>\n\t\t \t\t<a href=\"https:\/\/escoladailha.com.br\/portal\/wp-content\/uploads\/2024\/07\/42.Pontes-indestrutiveis-05-1131x2010.jpg\"><img loading=\"lazy\" decoding=\"async\" width=\"240\" height=\"190\" src=\"https:\/\/escoladailha.com.br\/portal\/wp-content\/uploads\/2024\/07\/42.Pontes-indestrutiveis-05-480x380.jpg\" class=\"attachment-carousel size-carousel\" alt=\"\" srcset=\"https:\/\/escoladailha.com.br\/portal\/wp-content\/uploads\/2024\/07\/42.Pontes-indestrutiveis-05-480x380.jpg 480w, https:\/\/escoladailha.com.br\/portal\/wp-content\/uploads\/2024\/07\/42.Pontes-indestrutiveis-05-232x184.jpg 232w\" sizes=\"auto, (max-width: 480px) 100vw, 480px\" \/><\/a>\n\t\t \t<\/div><\/div><\/div><div class='gallery-item' item_id='34486'><div class='gallery-item-inner'>\n\t\t\t<div class='gallery-icon portrait'>\n\t\t \t\t<a href=\"https:\/\/escoladailha.com.br\/portal\/wp-content\/uploads\/2024\/07\/42.Pontes-indestrutiveis-04-1131x2010.jpg\"><img loading=\"lazy\" decoding=\"async\" width=\"240\" height=\"190\" src=\"https:\/\/escoladailha.com.br\/portal\/wp-content\/uploads\/2024\/07\/42.Pontes-indestrutiveis-04-480x380.jpg\" class=\"attachment-carousel size-carousel\" alt=\"\" srcset=\"https:\/\/escoladailha.com.br\/portal\/wp-content\/uploads\/2024\/07\/42.Pontes-indestrutiveis-04-480x380.jpg 480w, https:\/\/escoladailha.com.br\/portal\/wp-content\/uploads\/2024\/07\/42.Pontes-indestrutiveis-04-232x184.jpg 232w\" sizes=\"auto, (max-width: 480px) 100vw, 480px\" \/><\/a>\n\t\t \t<\/div><\/div><\/div><div class='gallery-item' item_id='34485'><div class='gallery-item-inner'>\n\t\t\t<div class='gallery-icon landscape'>\n\t\t \t\t<a href=\"https:\/\/escoladailha.com.br\/portal\/wp-content\/uploads\/2024\/07\/42.Pontes-indestrutiveis-03-2010x1131.jpg\"><img loading=\"lazy\" decoding=\"async\" width=\"240\" height=\"190\" src=\"https:\/\/escoladailha.com.br\/portal\/wp-content\/uploads\/2024\/07\/42.Pontes-indestrutiveis-03-480x380.jpg\" class=\"attachment-carousel size-carousel\" alt=\"\" srcset=\"https:\/\/escoladailha.com.br\/portal\/wp-content\/uploads\/2024\/07\/42.Pontes-indestrutiveis-03-480x380.jpg 480w, https:\/\/escoladailha.com.br\/portal\/wp-content\/uploads\/2024\/07\/42.Pontes-indestrutiveis-03-232x184.jpg 232w\" sizes=\"auto, (max-width: 480px) 100vw, 480px\" \/><\/a>\n\t\t \t<\/div><\/div><\/div><div class='gallery-item' item_id='34484'><div class='gallery-item-inner'>\n\t\t\t<div class='gallery-icon portrait'>\n\t\t \t\t<a href=\"https:\/\/escoladailha.com.br\/portal\/wp-content\/uploads\/2024\/07\/42.Pontes-indestrutiveis-02-1131x2010.jpg\"><img loading=\"lazy\" decoding=\"async\" width=\"240\" height=\"190\" src=\"https:\/\/escoladailha.com.br\/portal\/wp-content\/uploads\/2024\/07\/42.Pontes-indestrutiveis-02-480x380.jpg\" class=\"attachment-carousel size-carousel\" alt=\"\" srcset=\"https:\/\/escoladailha.com.br\/portal\/wp-content\/uploads\/2024\/07\/42.Pontes-indestrutiveis-02-480x380.jpg 480w, https:\/\/escoladailha.com.br\/portal\/wp-content\/uploads\/2024\/07\/42.Pontes-indestrutiveis-02-232x184.jpg 232w\" sizes=\"auto, (max-width: 480px) 100vw, 480px\" \/><\/a>\n\t\t \t<\/div><\/div><\/div><div class='gallery-item' item_id='34483'><div class='gallery-item-inner'>\n\t\t\t<div class='gallery-icon landscape'>\n\t\t \t\t<a href=\"https:\/\/escoladailha.com.br\/portal\/wp-content\/uploads\/2024\/07\/42.Pontes-indestrutiveis-01-2010x1131.jpg\"><img loading=\"lazy\" decoding=\"async\" width=\"240\" height=\"190\" src=\"https:\/\/escoladailha.com.br\/portal\/wp-content\/uploads\/2024\/07\/42.Pontes-indestrutiveis-01-480x380.jpg\" class=\"attachment-carousel size-carousel\" alt=\"\" srcset=\"https:\/\/escoladailha.com.br\/portal\/wp-content\/uploads\/2024\/07\/42.Pontes-indestrutiveis-01-480x380.jpg 480w, https:\/\/escoladailha.com.br\/portal\/wp-content\/uploads\/2024\/07\/42.Pontes-indestrutiveis-01-232x184.jpg 232w\" sizes=\"auto, (max-width: 480px) 100vw, 480px\" \/><\/a>\n\t\t \t<\/div><\/div><\/div><div class='gallery-item' item_id='34482'><div class='gallery-item-inner'>\n\t\t\t<div class='gallery-icon landscape'>\n\t\t \t\t<a href=\"https:\/\/escoladailha.com.br\/portal\/wp-content\/uploads\/2024\/07\/42.Pontes-indestrutiveis-10-2010x1131.jpg\"><img loading=\"lazy\" decoding=\"async\" width=\"240\" height=\"190\" src=\"https:\/\/escoladailha.com.br\/portal\/wp-content\/uploads\/2024\/07\/42.Pontes-indestrutiveis-10-480x380.jpg\" class=\"attachment-carousel size-carousel\" alt=\"\" srcset=\"https:\/\/escoladailha.com.br\/portal\/wp-content\/uploads\/2024\/07\/42.Pontes-indestrutiveis-10-480x380.jpg 480w, https:\/\/escoladailha.com.br\/portal\/wp-content\/uploads\/2024\/07\/42.Pontes-indestrutiveis-10-232x184.jpg 232w\" sizes=\"auto, (max-width: 480px) 100vw, 480px\" \/><\/a>\n\t\t \t<\/div><\/div><\/div><div class='gallery-item' item_id='34481'><div class='gallery-item-inner'>\n\t\t\t<div class='gallery-icon portrait'>\n\t\t \t\t<a href=\"https:\/\/escoladailha.com.br\/portal\/wp-content\/uploads\/2024\/07\/42.Pixel-art-7-1131x2010.jpg\"><img loading=\"lazy\" decoding=\"async\" width=\"240\" height=\"190\" src=\"https:\/\/escoladailha.com.br\/portal\/wp-content\/uploads\/2024\/07\/42.Pixel-art-7-480x380.jpg\" class=\"attachment-carousel size-carousel\" alt=\"\" srcset=\"https:\/\/escoladailha.com.br\/portal\/wp-content\/uploads\/2024\/07\/42.Pixel-art-7-480x380.jpg 480w, https:\/\/escoladailha.com.br\/portal\/wp-content\/uploads\/2024\/07\/42.Pixel-art-7-232x184.jpg 232w\" sizes=\"auto, (max-width: 480px) 100vw, 480px\" \/><\/a>\n\t\t \t<\/div><\/div><\/div><div class='gallery-item' item_id='34480'><div class='gallery-item-inner'>\n\t\t\t<div class='gallery-icon landscape'>\n\t\t \t\t<a href=\"https:\/\/escoladailha.com.br\/portal\/wp-content\/uploads\/2024\/07\/42.Pixel-art-6-2010x1131.jpg\"><img loading=\"lazy\" decoding=\"async\" width=\"240\" height=\"190\" src=\"https:\/\/escoladailha.com.br\/portal\/wp-content\/uploads\/2024\/07\/42.Pixel-art-6-480x380.jpg\" class=\"attachment-carousel size-carousel\" alt=\"\" srcset=\"https:\/\/escoladailha.com.br\/portal\/wp-content\/uploads\/2024\/07\/42.Pixel-art-6-480x380.jpg 480w, https:\/\/escoladailha.com.br\/portal\/wp-content\/uploads\/2024\/07\/42.Pixel-art-6-232x184.jpg 232w\" sizes=\"auto, (max-width: 480px) 100vw, 480px\" \/><\/a>\n\t\t \t<\/div><\/div><\/div><div class='gallery-item' item_id='34479'><div class='gallery-item-inner'>\n\t\t\t<div class='gallery-icon landscape'>\n\t\t \t\t<a href=\"https:\/\/escoladailha.com.br\/portal\/wp-content\/uploads\/2024\/07\/42.Pixel-art-5-2010x1131.jpg\"><img loading=\"lazy\" decoding=\"async\" width=\"240\" height=\"190\" src=\"https:\/\/escoladailha.com.br\/portal\/wp-content\/uploads\/2024\/07\/42.Pixel-art-5-480x380.jpg\" class=\"attachment-carousel size-carousel\" alt=\"\" srcset=\"https:\/\/escoladailha.com.br\/portal\/wp-content\/uploads\/2024\/07\/42.Pixel-art-5-480x380.jpg 480w, https:\/\/escoladailha.com.br\/portal\/wp-content\/uploads\/2024\/07\/42.Pixel-art-5-232x184.jpg 232w\" sizes=\"auto, (max-width: 480px) 100vw, 480px\" \/><\/a>\n\t\t \t<\/div><\/div><\/div><div class='gallery-item' item_id='34478'><div class='gallery-item-inner'>\n\t\t\t<div class='gallery-icon landscape'>\n\t\t \t\t<a href=\"https:\/\/escoladailha.com.br\/portal\/wp-content\/uploads\/2024\/07\/42.Pixel-art-4-2010x1131.jpg\"><img loading=\"lazy\" decoding=\"async\" width=\"240\" height=\"190\" src=\"https:\/\/escoladailha.com.br\/portal\/wp-content\/uploads\/2024\/07\/42.Pixel-art-4-480x380.jpg\" class=\"attachment-carousel size-carousel\" alt=\"\" srcset=\"https:\/\/escoladailha.com.br\/portal\/wp-content\/uploads\/2024\/07\/42.Pixel-art-4-480x380.jpg 480w, https:\/\/escoladailha.com.br\/portal\/wp-content\/uploads\/2024\/07\/42.Pixel-art-4-232x184.jpg 232w\" sizes=\"auto, (max-width: 480px) 100vw, 480px\" \/><\/a>\n\t\t \t<\/div><\/div><\/div><div class='gallery-item' item_id='34477'><div class='gallery-item-inner'>\n\t\t\t<div class='gallery-icon portrait'>\n\t\t \t\t<a href=\"https:\/\/escoladailha.com.br\/portal\/wp-content\/uploads\/2024\/07\/42.Pixel-art-3-1131x2010.jpg\"><img loading=\"lazy\" decoding=\"async\" width=\"240\" height=\"190\" src=\"https:\/\/escoladailha.com.br\/portal\/wp-content\/uploads\/2024\/07\/42.Pixel-art-3-480x380.jpg\" class=\"attachment-carousel size-carousel\" alt=\"\" srcset=\"https:\/\/escoladailha.com.br\/portal\/wp-content\/uploads\/2024\/07\/42.Pixel-art-3-480x380.jpg 480w, https:\/\/escoladailha.com.br\/portal\/wp-content\/uploads\/2024\/07\/42.Pixel-art-3-232x184.jpg 232w\" sizes=\"auto, (max-width: 480px) 100vw, 480px\" \/><\/a>\n\t\t \t<\/div><\/div><\/div><div class='gallery-item' item_id='34476'><div class='gallery-item-inner'>\n\t\t\t<div class='gallery-icon landscape'>\n\t\t \t\t<a href=\"https:\/\/escoladailha.com.br\/portal\/wp-content\/uploads\/2024\/07\/42.Pixel-art-2-2010x1131.jpg\"><img loading=\"lazy\" decoding=\"async\" width=\"240\" height=\"190\" src=\"https:\/\/escoladailha.com.br\/portal\/wp-content\/uploads\/2024\/07\/42.Pixel-art-2-480x380.jpg\" class=\"attachment-carousel size-carousel\" alt=\"\" srcset=\"https:\/\/escoladailha.com.br\/portal\/wp-content\/uploads\/2024\/07\/42.Pixel-art-2-480x380.jpg 480w, https:\/\/escoladailha.com.br\/portal\/wp-content\/uploads\/2024\/07\/42.Pixel-art-2-232x184.jpg 232w\" sizes=\"auto, (max-width: 480px) 100vw, 480px\" \/><\/a>\n\t\t \t<\/div><\/div><\/div><div class='gallery-item' item_id='34475'><div class='gallery-item-inner'>\n\t\t\t<div class='gallery-icon portrait'>\n\t\t \t\t<a href=\"https:\/\/escoladailha.com.br\/portal\/wp-content\/uploads\/2024\/07\/42.Pixel-art-1-1131x2010.jpg\"><img loading=\"lazy\" decoding=\"async\" width=\"240\" height=\"190\" src=\"https:\/\/escoladailha.com.br\/portal\/wp-content\/uploads\/2024\/07\/42.Pixel-art-1-480x380.jpg\" class=\"attachment-carousel size-carousel\" alt=\"\" srcset=\"https:\/\/escoladailha.com.br\/portal\/wp-content\/uploads\/2024\/07\/42.Pixel-art-1-480x380.jpg 480w, https:\/\/escoladailha.com.br\/portal\/wp-content\/uploads\/2024\/07\/42.Pixel-art-1-232x184.jpg 232w\" sizes=\"auto, (max-width: 480px) 100vw, 480px\" \/><\/a>\n\t\t \t<\/div><\/div><\/div><div class='gallery-item' item_id='34474'><div class='gallery-item-inner'>\n\t\t\t<div class='gallery-icon landscape'>\n\t\t \t\t<a href=\"https:\/\/escoladailha.com.br\/portal\/wp-content\/uploads\/2024\/07\/42.Pixel-art-8-2010x1131.jpg\"><img loading=\"lazy\" decoding=\"async\" width=\"240\" height=\"190\" src=\"https:\/\/escoladailha.com.br\/portal\/wp-content\/uploads\/2024\/07\/42.Pixel-art-8-480x380.jpg\" class=\"attachment-carousel size-carousel\" alt=\"\" srcset=\"https:\/\/escoladailha.com.br\/portal\/wp-content\/uploads\/2024\/07\/42.Pixel-art-8-480x380.jpg 480w, https:\/\/escoladailha.com.br\/portal\/wp-content\/uploads\/2024\/07\/42.Pixel-art-8-232x184.jpg 232w\" sizes=\"auto, (max-width: 480px) 100vw, 480px\" \/><\/a>\n\t\t \t<\/div><\/div><\/div><div class='gallery-item' item_id='34473'><div class='gallery-item-inner'>\n\t\t\t<div class='gallery-icon portrait'>\n\t\t \t\t<a href=\"https:\/\/escoladailha.com.br\/portal\/wp-content\/uploads\/2024\/07\/42.Para-onde-vai-nosso-lixo-6-1131x2010.jpg\"><img loading=\"lazy\" decoding=\"async\" width=\"240\" height=\"190\" src=\"https:\/\/escoladailha.com.br\/portal\/wp-content\/uploads\/2024\/07\/42.Para-onde-vai-nosso-lixo-6-480x380.jpg\" class=\"attachment-carousel size-carousel\" alt=\"\" srcset=\"https:\/\/escoladailha.com.br\/portal\/wp-content\/uploads\/2024\/07\/42.Para-onde-vai-nosso-lixo-6-480x380.jpg 480w, https:\/\/escoladailha.com.br\/portal\/wp-content\/uploads\/2024\/07\/42.Para-onde-vai-nosso-lixo-6-232x184.jpg 232w\" sizes=\"auto, (max-width: 480px) 100vw, 480px\" \/><\/a>\n\t\t \t<\/div><\/div><\/div><div class='gallery-item' item_id='34472'><div class='gallery-item-inner'>\n\t\t\t<div class='gallery-icon portrait'>\n\t\t \t\t<a href=\"https:\/\/escoladailha.com.br\/portal\/wp-content\/uploads\/2024\/07\/42.Para-onde-vai-nosso-lixo-5-1131x2010.jpg\"><img loading=\"lazy\" decoding=\"async\" width=\"240\" height=\"190\" src=\"https:\/\/escoladailha.com.br\/portal\/wp-content\/uploads\/2024\/07\/42.Para-onde-vai-nosso-lixo-5-480x380.jpg\" class=\"attachment-carousel size-carousel\" alt=\"\" srcset=\"https:\/\/escoladailha.com.br\/portal\/wp-content\/uploads\/2024\/07\/42.Para-onde-vai-nosso-lixo-5-480x380.jpg 480w, https:\/\/escoladailha.com.br\/portal\/wp-content\/uploads\/2024\/07\/42.Para-onde-vai-nosso-lixo-5-232x184.jpg 232w\" sizes=\"auto, (max-width: 480px) 100vw, 480px\" \/><\/a>\n\t\t \t<\/div><\/div><\/div><div class='gallery-item' item_id='34471'><div class='gallery-item-inner'>\n\t\t\t<div class='gallery-icon portrait'>\n\t\t \t\t<a href=\"https:\/\/escoladailha.com.br\/portal\/wp-content\/uploads\/2024\/07\/42.Para-onde-vai-nosso-lixo-4-1131x2010.jpg\"><img loading=\"lazy\" decoding=\"async\" width=\"240\" height=\"190\" src=\"https:\/\/escoladailha.com.br\/portal\/wp-content\/uploads\/2024\/07\/42.Para-onde-vai-nosso-lixo-4-480x380.jpg\" class=\"attachment-carousel size-carousel\" alt=\"\" srcset=\"https:\/\/escoladailha.com.br\/portal\/wp-content\/uploads\/2024\/07\/42.Para-onde-vai-nosso-lixo-4-480x380.jpg 480w, https:\/\/escoladailha.com.br\/portal\/wp-content\/uploads\/2024\/07\/42.Para-onde-vai-nosso-lixo-4-232x184.jpg 232w\" sizes=\"auto, (max-width: 480px) 100vw, 480px\" \/><\/a>\n\t\t \t<\/div><\/div><\/div><div class='gallery-item' item_id='34470'><div class='gallery-item-inner'>\n\t\t\t<div class='gallery-icon landscape'>\n\t\t \t\t<a href=\"https:\/\/escoladailha.com.br\/portal\/wp-content\/uploads\/2024\/07\/42.Para-onde-vai-nosso-lixo-3-2010x1131.jpg\"><img loading=\"lazy\" decoding=\"async\" width=\"240\" height=\"190\" src=\"https:\/\/escoladailha.com.br\/portal\/wp-content\/uploads\/2024\/07\/42.Para-onde-vai-nosso-lixo-3-480x380.jpg\" class=\"attachment-carousel size-carousel\" alt=\"\" srcset=\"https:\/\/escoladailha.com.br\/portal\/wp-content\/uploads\/2024\/07\/42.Para-onde-vai-nosso-lixo-3-480x380.jpg 480w, https:\/\/escoladailha.com.br\/portal\/wp-content\/uploads\/2024\/07\/42.Para-onde-vai-nosso-lixo-3-232x184.jpg 232w\" sizes=\"auto, (max-width: 480px) 100vw, 480px\" \/><\/a>\n\t\t \t<\/div><\/div><\/div><div class='gallery-item' item_id='34469'><div class='gallery-item-inner'>\n\t\t\t<div class='gallery-icon landscape'>\n\t\t \t\t<a href=\"https:\/\/escoladailha.com.br\/portal\/wp-content\/uploads\/2024\/07\/42.Para-onde-vai-nosso-lixo-2-2010x1131.jpg\"><img loading=\"lazy\" decoding=\"async\" width=\"240\" height=\"190\" src=\"https:\/\/escoladailha.com.br\/portal\/wp-content\/uploads\/2024\/07\/42.Para-onde-vai-nosso-lixo-2-480x380.jpg\" class=\"attachment-carousel size-carousel\" alt=\"\" srcset=\"https:\/\/escoladailha.com.br\/portal\/wp-content\/uploads\/2024\/07\/42.Para-onde-vai-nosso-lixo-2-480x380.jpg 480w, https:\/\/escoladailha.com.br\/portal\/wp-content\/uploads\/2024\/07\/42.Para-onde-vai-nosso-lixo-2-232x184.jpg 232w\" sizes=\"auto, (max-width: 480px) 100vw, 480px\" \/><\/a>\n\t\t \t<\/div><\/div><\/div><div class='gallery-item' item_id='34468'><div class='gallery-item-inner'>\n\t\t\t<div class='gallery-icon portrait'>\n\t\t \t\t<a href=\"https:\/\/escoladailha.com.br\/portal\/wp-content\/uploads\/2024\/07\/42.Para-onde-vai-nosso-lixo-1-1131x2010.jpg\"><img loading=\"lazy\" decoding=\"async\" width=\"240\" height=\"190\" src=\"https:\/\/escoladailha.com.br\/portal\/wp-content\/uploads\/2024\/07\/42.Para-onde-vai-nosso-lixo-1-480x380.jpg\" class=\"attachment-carousel size-carousel\" alt=\"\" srcset=\"https:\/\/escoladailha.com.br\/portal\/wp-content\/uploads\/2024\/07\/42.Para-onde-vai-nosso-lixo-1-480x380.jpg 480w, https:\/\/escoladailha.com.br\/portal\/wp-content\/uploads\/2024\/07\/42.Para-onde-vai-nosso-lixo-1-232x184.jpg 232w\" sizes=\"auto, (max-width: 480px) 100vw, 480px\" \/><\/a>\n\t\t \t<\/div><\/div><\/div><div class='gallery-item' item_id='34467'><div class='gallery-item-inner'>\n\t\t\t<div class='gallery-icon landscape'>\n\t\t \t\t<a href=\"https:\/\/escoladailha.com.br\/portal\/wp-content\/uploads\/2024\/07\/42.Para-onde-vai-nosso-lixo-7-2010x1131.jpg\"><img loading=\"lazy\" decoding=\"async\" width=\"240\" height=\"190\" src=\"https:\/\/escoladailha.com.br\/portal\/wp-content\/uploads\/2024\/07\/42.Para-onde-vai-nosso-lixo-7-480x380.jpg\" class=\"attachment-carousel size-carousel\" alt=\"\" srcset=\"https:\/\/escoladailha.com.br\/portal\/wp-content\/uploads\/2024\/07\/42.Para-onde-vai-nosso-lixo-7-480x380.jpg 480w, https:\/\/escoladailha.com.br\/portal\/wp-content\/uploads\/2024\/07\/42.Para-onde-vai-nosso-lixo-7-232x184.jpg 232w\" sizes=\"auto, (max-width: 480px) 100vw, 480px\" \/><\/a>\n\t\t \t<\/div><\/div><\/div><div class='gallery-item' item_id='34466'><div class='gallery-item-inner'>\n\t\t\t<div class='gallery-icon landscape'>\n\t\t \t\t<a href=\"https:\/\/escoladailha.com.br\/portal\/wp-content\/uploads\/2024\/07\/42.O-Tunel-Vida-04-2010x1131.jpg\"><img loading=\"lazy\" decoding=\"async\" width=\"240\" height=\"190\" src=\"https:\/\/escoladailha.com.br\/portal\/wp-content\/uploads\/2024\/07\/42.O-Tunel-Vida-04-480x380.jpg\" class=\"attachment-carousel size-carousel\" alt=\"\" srcset=\"https:\/\/escoladailha.com.br\/portal\/wp-content\/uploads\/2024\/07\/42.O-Tunel-Vida-04-480x380.jpg 480w, https:\/\/escoladailha.com.br\/portal\/wp-content\/uploads\/2024\/07\/42.O-Tunel-Vida-04-232x184.jpg 232w\" sizes=\"auto, (max-width: 480px) 100vw, 480px\" \/><\/a>\n\t\t \t<\/div><\/div><\/div><div class='gallery-item' item_id='34465'><div class='gallery-item-inner'>\n\t\t\t<div class='gallery-icon landscape'>\n\t\t \t\t<a href=\"https:\/\/escoladailha.com.br\/portal\/wp-content\/uploads\/2024\/07\/42.O-Tunel-Vida-03-2010x1131.jpg\"><img loading=\"lazy\" decoding=\"async\" width=\"240\" height=\"190\" src=\"https:\/\/escoladailha.com.br\/portal\/wp-content\/uploads\/2024\/07\/42.O-Tunel-Vida-03-480x380.jpg\" class=\"attachment-carousel size-carousel\" alt=\"\" srcset=\"https:\/\/escoladailha.com.br\/portal\/wp-content\/uploads\/2024\/07\/42.O-Tunel-Vida-03-480x380.jpg 480w, https:\/\/escoladailha.com.br\/portal\/wp-content\/uploads\/2024\/07\/42.O-Tunel-Vida-03-232x184.jpg 232w\" sizes=\"auto, (max-width: 480px) 100vw, 480px\" \/><\/a>\n\t\t \t<\/div><\/div><\/div><div class='gallery-item' item_id='34464'><div class='gallery-item-inner'>\n\t\t\t<div class='gallery-icon landscape'>\n\t\t \t\t<a href=\"https:\/\/escoladailha.com.br\/portal\/wp-content\/uploads\/2024\/07\/42.O-Tunel-Vida-02-2010x1131.jpg\"><img loading=\"lazy\" decoding=\"async\" width=\"240\" height=\"190\" src=\"https:\/\/escoladailha.com.br\/portal\/wp-content\/uploads\/2024\/07\/42.O-Tunel-Vida-02-480x380.jpg\" class=\"attachment-carousel size-carousel\" alt=\"\" srcset=\"https:\/\/escoladailha.com.br\/portal\/wp-content\/uploads\/2024\/07\/42.O-Tunel-Vida-02-480x380.jpg 480w, https:\/\/escoladailha.com.br\/portal\/wp-content\/uploads\/2024\/07\/42.O-Tunel-Vida-02-232x184.jpg 232w\" sizes=\"auto, (max-width: 480px) 100vw, 480px\" \/><\/a>\n\t\t \t<\/div><\/div><\/div><div class='gallery-item' item_id='34462'><div class='gallery-item-inner'>\n\t\t\t<div class='gallery-icon landscape'>\n\t\t \t\t<a href=\"https:\/\/escoladailha.com.br\/portal\/wp-content\/uploads\/2024\/07\/42.O-Tunel-Vida-01-2010x1131.jpg\"><img loading=\"lazy\" decoding=\"async\" width=\"240\" height=\"190\" src=\"https:\/\/escoladailha.com.br\/portal\/wp-content\/uploads\/2024\/07\/42.O-Tunel-Vida-01-480x380.jpg\" class=\"attachment-carousel size-carousel\" alt=\"\" srcset=\"https:\/\/escoladailha.com.br\/portal\/wp-content\/uploads\/2024\/07\/42.O-Tunel-Vida-01-480x380.jpg 480w, https:\/\/escoladailha.com.br\/portal\/wp-content\/uploads\/2024\/07\/42.O-Tunel-Vida-01-232x184.jpg 232w\" sizes=\"auto, (max-width: 480px) 100vw, 480px\" \/><\/a>\n\t\t \t<\/div><\/div><\/div><div class='gallery-item' item_id='34461'><div class='gallery-item-inner'>\n\t\t\t<div class='gallery-icon landscape'>\n\t\t \t\t<a href=\"https:\/\/escoladailha.com.br\/portal\/wp-content\/uploads\/2024\/07\/42.O-Tunel-Vida-10-2010x1131.jpg\"><img loading=\"lazy\" decoding=\"async\" width=\"240\" height=\"190\" src=\"https:\/\/escoladailha.com.br\/portal\/wp-content\/uploads\/2024\/07\/42.O-Tunel-Vida-10-480x380.jpg\" class=\"attachment-carousel size-carousel\" alt=\"\" srcset=\"https:\/\/escoladailha.com.br\/portal\/wp-content\/uploads\/2024\/07\/42.O-Tunel-Vida-10-480x380.jpg 480w, https:\/\/escoladailha.com.br\/portal\/wp-content\/uploads\/2024\/07\/42.O-Tunel-Vida-10-232x184.jpg 232w\" sizes=\"auto, (max-width: 480px) 100vw, 480px\" \/><\/a>\n\t\t \t<\/div><\/div><\/div><div class='gallery-item' item_id='34460'><div class='gallery-item-inner'>\n\t\t\t<div class='gallery-icon landscape'>\n\t\t \t\t<a href=\"https:\/\/escoladailha.com.br\/portal\/wp-content\/uploads\/2024\/07\/42.O-Tunel-Vida-09-2010x1131.jpg\"><img loading=\"lazy\" decoding=\"async\" width=\"240\" height=\"190\" src=\"https:\/\/escoladailha.com.br\/portal\/wp-content\/uploads\/2024\/07\/42.O-Tunel-Vida-09-480x380.jpg\" class=\"attachment-carousel size-carousel\" alt=\"\" srcset=\"https:\/\/escoladailha.com.br\/portal\/wp-content\/uploads\/2024\/07\/42.O-Tunel-Vida-09-480x380.jpg 480w, https:\/\/escoladailha.com.br\/portal\/wp-content\/uploads\/2024\/07\/42.O-Tunel-Vida-09-232x184.jpg 232w\" sizes=\"auto, (max-width: 480px) 100vw, 480px\" \/><\/a>\n\t\t \t<\/div><\/div><\/div><div class='gallery-item' item_id='34459'><div class='gallery-item-inner'>\n\t\t\t<div class='gallery-icon landscape'>\n\t\t \t\t<a href=\"https:\/\/escoladailha.com.br\/portal\/wp-content\/uploads\/2024\/07\/42.O-Tunel-Vida-08-2010x1131.jpg\"><img loading=\"lazy\" decoding=\"async\" width=\"240\" height=\"190\" src=\"https:\/\/escoladailha.com.br\/portal\/wp-content\/uploads\/2024\/07\/42.O-Tunel-Vida-08-480x380.jpg\" class=\"attachment-carousel size-carousel\" alt=\"\" srcset=\"https:\/\/escoladailha.com.br\/portal\/wp-content\/uploads\/2024\/07\/42.O-Tunel-Vida-08-480x380.jpg 480w, https:\/\/escoladailha.com.br\/portal\/wp-content\/uploads\/2024\/07\/42.O-Tunel-Vida-08-232x184.jpg 232w\" sizes=\"auto, (max-width: 480px) 100vw, 480px\" \/><\/a>\n\t\t \t<\/div><\/div><\/div><div class='gallery-item' item_id='34458'><div class='gallery-item-inner'>\n\t\t\t<div class='gallery-icon landscape'>\n\t\t \t\t<a href=\"https:\/\/escoladailha.com.br\/portal\/wp-content\/uploads\/2024\/07\/42.O-Tunel-Vida-07-2010x1131.jpg\"><img loading=\"lazy\" decoding=\"async\" width=\"240\" height=\"190\" src=\"https:\/\/escoladailha.com.br\/portal\/wp-content\/uploads\/2024\/07\/42.O-Tunel-Vida-07-480x380.jpg\" class=\"attachment-carousel size-carousel\" alt=\"\" srcset=\"https:\/\/escoladailha.com.br\/portal\/wp-content\/uploads\/2024\/07\/42.O-Tunel-Vida-07-480x380.jpg 480w, https:\/\/escoladailha.com.br\/portal\/wp-content\/uploads\/2024\/07\/42.O-Tunel-Vida-07-232x184.jpg 232w\" sizes=\"auto, (max-width: 480px) 100vw, 480px\" \/><\/a>\n\t\t \t<\/div><\/div><\/div><div class='gallery-item' item_id='34457'><div class='gallery-item-inner'>\n\t\t\t<div class='gallery-icon landscape'>\n\t\t \t\t<a href=\"https:\/\/escoladailha.com.br\/portal\/wp-content\/uploads\/2024\/07\/42.O-Tunel-Vida-06-2010x1131.jpg\"><img loading=\"lazy\" decoding=\"async\" width=\"240\" height=\"190\" src=\"https:\/\/escoladailha.com.br\/portal\/wp-content\/uploads\/2024\/07\/42.O-Tunel-Vida-06-480x380.jpg\" class=\"attachment-carousel size-carousel\" alt=\"\" srcset=\"https:\/\/escoladailha.com.br\/portal\/wp-content\/uploads\/2024\/07\/42.O-Tunel-Vida-06-480x380.jpg 480w, https:\/\/escoladailha.com.br\/portal\/wp-content\/uploads\/2024\/07\/42.O-Tunel-Vida-06-232x184.jpg 232w\" sizes=\"auto, (max-width: 480px) 100vw, 480px\" \/><\/a>\n\t\t \t<\/div><\/div><\/div><div class='gallery-item' item_id='34456'><div class='gallery-item-inner'>\n\t\t\t<div class='gallery-icon landscape'>\n\t\t \t\t<a href=\"https:\/\/escoladailha.com.br\/portal\/wp-content\/uploads\/2024\/07\/42.O-Tunel-Vida-05-2010x1131.jpg\"><img loading=\"lazy\" decoding=\"async\" width=\"240\" height=\"190\" src=\"https:\/\/escoladailha.com.br\/portal\/wp-content\/uploads\/2024\/07\/42.O-Tunel-Vida-05-480x380.jpg\" class=\"attachment-carousel size-carousel\" alt=\"\" srcset=\"https:\/\/escoladailha.com.br\/portal\/wp-content\/uploads\/2024\/07\/42.O-Tunel-Vida-05-480x380.jpg 480w, https:\/\/escoladailha.com.br\/portal\/wp-content\/uploads\/2024\/07\/42.O-Tunel-Vida-05-232x184.jpg 232w\" sizes=\"auto, (max-width: 480px) 100vw, 480px\" \/><\/a>\n\t\t \t<\/div><\/div><\/div><div class='gallery-item' item_id='34455'><div class='gallery-item-inner'>\n\t\t\t<div class='gallery-icon landscape'>\n\t\t \t\t<a href=\"https:\/\/escoladailha.com.br\/portal\/wp-content\/uploads\/2024\/07\/42.O-Jogo-da-Vida-7-2010x1131.jpg\"><img loading=\"lazy\" decoding=\"async\" width=\"240\" height=\"190\" src=\"https:\/\/escoladailha.com.br\/portal\/wp-content\/uploads\/2024\/07\/42.O-Jogo-da-Vida-7-480x380.jpg\" class=\"attachment-carousel size-carousel\" alt=\"\" srcset=\"https:\/\/escoladailha.com.br\/portal\/wp-content\/uploads\/2024\/07\/42.O-Jogo-da-Vida-7-480x380.jpg 480w, https:\/\/escoladailha.com.br\/portal\/wp-content\/uploads\/2024\/07\/42.O-Jogo-da-Vida-7-232x184.jpg 232w\" sizes=\"auto, (max-width: 480px) 100vw, 480px\" \/><\/a>\n\t\t \t<\/div><\/div><\/div><div class='gallery-item' item_id='34454'><div class='gallery-item-inner'>\n\t\t\t<div class='gallery-icon landscape'>\n\t\t \t\t<a href=\"https:\/\/escoladailha.com.br\/portal\/wp-content\/uploads\/2024\/07\/42.O-Jogo-da-Vida-6-2010x1131.jpg\"><img loading=\"lazy\" decoding=\"async\" width=\"240\" height=\"190\" src=\"https:\/\/escoladailha.com.br\/portal\/wp-content\/uploads\/2024\/07\/42.O-Jogo-da-Vida-6-480x380.jpg\" class=\"attachment-carousel size-carousel\" alt=\"\" srcset=\"https:\/\/escoladailha.com.br\/portal\/wp-content\/uploads\/2024\/07\/42.O-Jogo-da-Vida-6-480x380.jpg 480w, https:\/\/escoladailha.com.br\/portal\/wp-content\/uploads\/2024\/07\/42.O-Jogo-da-Vida-6-232x184.jpg 232w\" sizes=\"auto, (max-width: 480px) 100vw, 480px\" \/><\/a>\n\t\t \t<\/div><\/div><\/div><div class='gallery-item' item_id='34453'><div class='gallery-item-inner'>\n\t\t\t<div class='gallery-icon landscape'>\n\t\t \t\t<a href=\"https:\/\/escoladailha.com.br\/portal\/wp-content\/uploads\/2024\/07\/42.O-Jogo-da-Vida-5-2010x1131.jpg\"><img loading=\"lazy\" decoding=\"async\" width=\"240\" height=\"190\" src=\"https:\/\/escoladailha.com.br\/portal\/wp-content\/uploads\/2024\/07\/42.O-Jogo-da-Vida-5-480x380.jpg\" class=\"attachment-carousel size-carousel\" alt=\"\" srcset=\"https:\/\/escoladailha.com.br\/portal\/wp-content\/uploads\/2024\/07\/42.O-Jogo-da-Vida-5-480x380.jpg 480w, https:\/\/escoladailha.com.br\/portal\/wp-content\/uploads\/2024\/07\/42.O-Jogo-da-Vida-5-232x184.jpg 232w\" sizes=\"auto, (max-width: 480px) 100vw, 480px\" \/><\/a>\n\t\t \t<\/div><\/div><\/div><div class='gallery-item' item_id='34452'><div class='gallery-item-inner'>\n\t\t\t<div class='gallery-icon landscape'>\n\t\t \t\t<a href=\"https:\/\/escoladailha.com.br\/portal\/wp-content\/uploads\/2024\/07\/42.O-Jogo-da-Vida-4-2010x1131.jpg\"><img loading=\"lazy\" decoding=\"async\" width=\"240\" height=\"190\" src=\"https:\/\/escoladailha.com.br\/portal\/wp-content\/uploads\/2024\/07\/42.O-Jogo-da-Vida-4-480x380.jpg\" class=\"attachment-carousel size-carousel\" alt=\"\" srcset=\"https:\/\/escoladailha.com.br\/portal\/wp-content\/uploads\/2024\/07\/42.O-Jogo-da-Vida-4-480x380.jpg 480w, https:\/\/escoladailha.com.br\/portal\/wp-content\/uploads\/2024\/07\/42.O-Jogo-da-Vida-4-232x184.jpg 232w\" sizes=\"auto, (max-width: 480px) 100vw, 480px\" \/><\/a>\n\t\t \t<\/div><\/div><\/div><div class='gallery-item' item_id='34451'><div class='gallery-item-inner'>\n\t\t\t<div class='gallery-icon landscape'>\n\t\t \t\t<a href=\"https:\/\/escoladailha.com.br\/portal\/wp-content\/uploads\/2024\/07\/42.O-Jogo-da-Vida-3-2010x1131.jpg\"><img loading=\"lazy\" decoding=\"async\" width=\"240\" height=\"190\" src=\"https:\/\/escoladailha.com.br\/portal\/wp-content\/uploads\/2024\/07\/42.O-Jogo-da-Vida-3-480x380.jpg\" class=\"attachment-carousel size-carousel\" alt=\"\" srcset=\"https:\/\/escoladailha.com.br\/portal\/wp-content\/uploads\/2024\/07\/42.O-Jogo-da-Vida-3-480x380.jpg 480w, https:\/\/escoladailha.com.br\/portal\/wp-content\/uploads\/2024\/07\/42.O-Jogo-da-Vida-3-232x184.jpg 232w\" sizes=\"auto, (max-width: 480px) 100vw, 480px\" \/><\/a>\n\t\t \t<\/div><\/div><\/div><div class='gallery-item' item_id='34450'><div class='gallery-item-inner'>\n\t\t\t<div class='gallery-icon landscape'>\n\t\t \t\t<a href=\"https:\/\/escoladailha.com.br\/portal\/wp-content\/uploads\/2024\/07\/42.O-Jogo-da-Vida-2-2010x1131.jpg\"><img loading=\"lazy\" decoding=\"async\" width=\"240\" height=\"190\" src=\"https:\/\/escoladailha.com.br\/portal\/wp-content\/uploads\/2024\/07\/42.O-Jogo-da-Vida-2-480x380.jpg\" class=\"attachment-carousel size-carousel\" alt=\"\" srcset=\"https:\/\/escoladailha.com.br\/portal\/wp-content\/uploads\/2024\/07\/42.O-Jogo-da-Vida-2-480x380.jpg 480w, https:\/\/escoladailha.com.br\/portal\/wp-content\/uploads\/2024\/07\/42.O-Jogo-da-Vida-2-232x184.jpg 232w\" sizes=\"auto, (max-width: 480px) 100vw, 480px\" \/><\/a>\n\t\t \t<\/div><\/div><\/div><div class='gallery-item' item_id='34449'><div class='gallery-item-inner'>\n\t\t\t<div class='gallery-icon landscape'>\n\t\t \t\t<a href=\"https:\/\/escoladailha.com.br\/portal\/wp-content\/uploads\/2024\/07\/42.O-Jogo-da-Vida-1-2010x1131.jpg\"><img loading=\"lazy\" decoding=\"async\" width=\"240\" height=\"190\" src=\"https:\/\/escoladailha.com.br\/portal\/wp-content\/uploads\/2024\/07\/42.O-Jogo-da-Vida-1-480x380.jpg\" class=\"attachment-carousel size-carousel\" alt=\"\" srcset=\"https:\/\/escoladailha.com.br\/portal\/wp-content\/uploads\/2024\/07\/42.O-Jogo-da-Vida-1-480x380.jpg 480w, https:\/\/escoladailha.com.br\/portal\/wp-content\/uploads\/2024\/07\/42.O-Jogo-da-Vida-1-232x184.jpg 232w\" sizes=\"auto, (max-width: 480px) 100vw, 480px\" \/><\/a>\n\t\t \t<\/div><\/div><\/div><div class='gallery-item' item_id='34448'><div class='gallery-item-inner'>\n\t\t\t<div class='gallery-icon portrait'>\n\t\t \t\t<a href=\"https:\/\/escoladailha.com.br\/portal\/wp-content\/uploads\/2024\/07\/42.O-Jogo-da-Vida-8-1131x2010.jpg\"><img loading=\"lazy\" decoding=\"async\" width=\"240\" height=\"190\" src=\"https:\/\/escoladailha.com.br\/portal\/wp-content\/uploads\/2024\/07\/42.O-Jogo-da-Vida-8-480x380.jpg\" class=\"attachment-carousel size-carousel\" alt=\"\" srcset=\"https:\/\/escoladailha.com.br\/portal\/wp-content\/uploads\/2024\/07\/42.O-Jogo-da-Vida-8-480x380.jpg 480w, https:\/\/escoladailha.com.br\/portal\/wp-content\/uploads\/2024\/07\/42.O-Jogo-da-Vida-8-232x184.jpg 232w\" sizes=\"auto, (max-width: 480px) 100vw, 480px\" \/><\/a>\n\t\t \t<\/div><\/div><\/div><div class='gallery-item' item_id='34447'><div class='gallery-item-inner'>\n\t\t\t<div class='gallery-icon landscape'>\n\t\t \t\t<a href=\"https:\/\/escoladailha.com.br\/portal\/wp-content\/uploads\/2024\/07\/42.Labirinto-sensorial-deixa-os-olhos-a-flor-da-pele-13-2010x1131.jpg\"><img loading=\"lazy\" decoding=\"async\" width=\"240\" height=\"190\" src=\"https:\/\/escoladailha.com.br\/portal\/wp-content\/uploads\/2024\/07\/42.Labirinto-sensorial-deixa-os-olhos-a-flor-da-pele-13-480x380.jpg\" class=\"attachment-carousel size-carousel\" alt=\"\" srcset=\"https:\/\/escoladailha.com.br\/portal\/wp-content\/uploads\/2024\/07\/42.Labirinto-sensorial-deixa-os-olhos-a-flor-da-pele-13-480x380.jpg 480w, https:\/\/escoladailha.com.br\/portal\/wp-content\/uploads\/2024\/07\/42.Labirinto-sensorial-deixa-os-olhos-a-flor-da-pele-13-232x184.jpg 232w\" sizes=\"auto, (max-width: 480px) 100vw, 480px\" \/><\/a>\n\t\t \t<\/div><\/div><\/div><div class='gallery-item' item_id='34446'><div class='gallery-item-inner'>\n\t\t\t<div class='gallery-icon landscape'>\n\t\t \t\t<a href=\"https:\/\/escoladailha.com.br\/portal\/wp-content\/uploads\/2024\/07\/42.Labirinto-sensorial-deixa-os-olhos-a-flor-da-pele-12-2010x1131.jpg\"><img loading=\"lazy\" decoding=\"async\" width=\"240\" height=\"190\" src=\"https:\/\/escoladailha.com.br\/portal\/wp-content\/uploads\/2024\/07\/42.Labirinto-sensorial-deixa-os-olhos-a-flor-da-pele-12-480x380.jpg\" class=\"attachment-carousel size-carousel\" alt=\"\" srcset=\"https:\/\/escoladailha.com.br\/portal\/wp-content\/uploads\/2024\/07\/42.Labirinto-sensorial-deixa-os-olhos-a-flor-da-pele-12-480x380.jpg 480w, https:\/\/escoladailha.com.br\/portal\/wp-content\/uploads\/2024\/07\/42.Labirinto-sensorial-deixa-os-olhos-a-flor-da-pele-12-232x184.jpg 232w\" sizes=\"auto, (max-width: 480px) 100vw, 480px\" \/><\/a>\n\t\t \t<\/div><\/div><\/div><div class='gallery-item' item_id='34445'><div class='gallery-item-inner'>\n\t\t\t<div class='gallery-icon portrait'>\n\t\t \t\t<a href=\"https:\/\/escoladailha.com.br\/portal\/wp-content\/uploads\/2024\/07\/42.Labirinto-sensorial-deixa-os-olhos-a-flor-da-pele-11-1131x2010.jpg\"><img loading=\"lazy\" decoding=\"async\" width=\"240\" height=\"190\" src=\"https:\/\/escoladailha.com.br\/portal\/wp-content\/uploads\/2024\/07\/42.Labirinto-sensorial-deixa-os-olhos-a-flor-da-pele-11-480x380.jpg\" class=\"attachment-carousel size-carousel\" alt=\"\" srcset=\"https:\/\/escoladailha.com.br\/portal\/wp-content\/uploads\/2024\/07\/42.Labirinto-sensorial-deixa-os-olhos-a-flor-da-pele-11-480x380.jpg 480w, https:\/\/escoladailha.com.br\/portal\/wp-content\/uploads\/2024\/07\/42.Labirinto-sensorial-deixa-os-olhos-a-flor-da-pele-11-232x184.jpg 232w\" sizes=\"auto, (max-width: 480px) 100vw, 480px\" \/><\/a>\n\t\t \t<\/div><\/div><\/div><div class='gallery-item' item_id='34444'><div class='gallery-item-inner'>\n\t\t\t<div class='gallery-icon portrait'>\n\t\t \t\t<a href=\"https:\/\/escoladailha.com.br\/portal\/wp-content\/uploads\/2024\/07\/42.Labirinto-sensorial-deixa-os-olhos-a-flor-da-pele-10-1131x2010.jpg\"><img loading=\"lazy\" decoding=\"async\" width=\"240\" height=\"190\" src=\"https:\/\/escoladailha.com.br\/portal\/wp-content\/uploads\/2024\/07\/42.Labirinto-sensorial-deixa-os-olhos-a-flor-da-pele-10-480x380.jpg\" class=\"attachment-carousel size-carousel\" alt=\"\" srcset=\"https:\/\/escoladailha.com.br\/portal\/wp-content\/uploads\/2024\/07\/42.Labirinto-sensorial-deixa-os-olhos-a-flor-da-pele-10-480x380.jpg 480w, https:\/\/escoladailha.com.br\/portal\/wp-content\/uploads\/2024\/07\/42.Labirinto-sensorial-deixa-os-olhos-a-flor-da-pele-10-232x184.jpg 232w\" sizes=\"auto, (max-width: 480px) 100vw, 480px\" \/><\/a>\n\t\t \t<\/div><\/div><\/div><div class='gallery-item' item_id='34443'><div class='gallery-item-inner'>\n\t\t\t<div class='gallery-icon landscape'>\n\t\t \t\t<a href=\"https:\/\/escoladailha.com.br\/portal\/wp-content\/uploads\/2024\/07\/42.Labirinto-sensorial-deixa-os-olhos-a-flor-da-pele-09-2010x1131.jpg\"><img loading=\"lazy\" decoding=\"async\" width=\"240\" height=\"190\" src=\"https:\/\/escoladailha.com.br\/portal\/wp-content\/uploads\/2024\/07\/42.Labirinto-sensorial-deixa-os-olhos-a-flor-da-pele-09-480x380.jpg\" class=\"attachment-carousel size-carousel\" alt=\"\" srcset=\"https:\/\/escoladailha.com.br\/portal\/wp-content\/uploads\/2024\/07\/42.Labirinto-sensorial-deixa-os-olhos-a-flor-da-pele-09-480x380.jpg 480w, https:\/\/escoladailha.com.br\/portal\/wp-content\/uploads\/2024\/07\/42.Labirinto-sensorial-deixa-os-olhos-a-flor-da-pele-09-232x184.jpg 232w\" sizes=\"auto, (max-width: 480px) 100vw, 480px\" \/><\/a>\n\t\t \t<\/div><\/div><\/div><div class='gallery-item' item_id='34442'><div class='gallery-item-inner'>\n\t\t\t<div class='gallery-icon landscape'>\n\t\t \t\t<a href=\"https:\/\/escoladailha.com.br\/portal\/wp-content\/uploads\/2024\/07\/42.Labirinto-sensorial-deixa-os-olhos-a-flor-da-pele-08-2010x1131.jpg\"><img loading=\"lazy\" decoding=\"async\" width=\"240\" height=\"190\" src=\"https:\/\/escoladailha.com.br\/portal\/wp-content\/uploads\/2024\/07\/42.Labirinto-sensorial-deixa-os-olhos-a-flor-da-pele-08-480x380.jpg\" class=\"attachment-carousel size-carousel\" alt=\"\" srcset=\"https:\/\/escoladailha.com.br\/portal\/wp-content\/uploads\/2024\/07\/42.Labirinto-sensorial-deixa-os-olhos-a-flor-da-pele-08-480x380.jpg 480w, https:\/\/escoladailha.com.br\/portal\/wp-content\/uploads\/2024\/07\/42.Labirinto-sensorial-deixa-os-olhos-a-flor-da-pele-08-232x184.jpg 232w\" sizes=\"auto, (max-width: 480px) 100vw, 480px\" \/><\/a>\n\t\t \t<\/div><\/div><\/div><div class='gallery-item' item_id='34441'><div class='gallery-item-inner'>\n\t\t\t<div class='gallery-icon portrait'>\n\t\t \t\t<a href=\"https:\/\/escoladailha.com.br\/portal\/wp-content\/uploads\/2024\/07\/42.Labirinto-sensorial-deixa-os-olhos-a-flor-da-pele-07-1131x2010.jpg\"><img loading=\"lazy\" decoding=\"async\" width=\"240\" height=\"190\" src=\"https:\/\/escoladailha.com.br\/portal\/wp-content\/uploads\/2024\/07\/42.Labirinto-sensorial-deixa-os-olhos-a-flor-da-pele-07-480x380.jpg\" class=\"attachment-carousel size-carousel\" alt=\"\" srcset=\"https:\/\/escoladailha.com.br\/portal\/wp-content\/uploads\/2024\/07\/42.Labirinto-sensorial-deixa-os-olhos-a-flor-da-pele-07-480x380.jpg 480w, https:\/\/escoladailha.com.br\/portal\/wp-content\/uploads\/2024\/07\/42.Labirinto-sensorial-deixa-os-olhos-a-flor-da-pele-07-232x184.jpg 232w\" sizes=\"auto, (max-width: 480px) 100vw, 480px\" \/><\/a>\n\t\t \t<\/div><\/div><\/div><div class='gallery-item' item_id='34440'><div class='gallery-item-inner'>\n\t\t\t<div class='gallery-icon landscape'>\n\t\t \t\t<a href=\"https:\/\/escoladailha.com.br\/portal\/wp-content\/uploads\/2024\/07\/42.Labirinto-sensorial-deixa-os-olhos-a-flor-da-pele-06-2010x1131.jpg\"><img loading=\"lazy\" decoding=\"async\" width=\"240\" height=\"190\" src=\"https:\/\/escoladailha.com.br\/portal\/wp-content\/uploads\/2024\/07\/42.Labirinto-sensorial-deixa-os-olhos-a-flor-da-pele-06-480x380.jpg\" class=\"attachment-carousel size-carousel\" alt=\"\" srcset=\"https:\/\/escoladailha.com.br\/portal\/wp-content\/uploads\/2024\/07\/42.Labirinto-sensorial-deixa-os-olhos-a-flor-da-pele-06-480x380.jpg 480w, https:\/\/escoladailha.com.br\/portal\/wp-content\/uploads\/2024\/07\/42.Labirinto-sensorial-deixa-os-olhos-a-flor-da-pele-06-232x184.jpg 232w\" sizes=\"auto, (max-width: 480px) 100vw, 480px\" \/><\/a>\n\t\t \t<\/div><\/div><\/div><div class='gallery-item' item_id='34439'><div class='gallery-item-inner'>\n\t\t\t<div class='gallery-icon landscape'>\n\t\t \t\t<a href=\"https:\/\/escoladailha.com.br\/portal\/wp-content\/uploads\/2024\/07\/42.Labirinto-sensorial-deixa-os-olhos-a-flor-da-pele-05-2010x1131.jpg\"><img loading=\"lazy\" decoding=\"async\" width=\"240\" height=\"190\" src=\"https:\/\/escoladailha.com.br\/portal\/wp-content\/uploads\/2024\/07\/42.Labirinto-sensorial-deixa-os-olhos-a-flor-da-pele-05-480x380.jpg\" class=\"attachment-carousel size-carousel\" alt=\"\" srcset=\"https:\/\/escoladailha.com.br\/portal\/wp-content\/uploads\/2024\/07\/42.Labirinto-sensorial-deixa-os-olhos-a-flor-da-pele-05-480x380.jpg 480w, https:\/\/escoladailha.com.br\/portal\/wp-content\/uploads\/2024\/07\/42.Labirinto-sensorial-deixa-os-olhos-a-flor-da-pele-05-232x184.jpg 232w\" sizes=\"auto, (max-width: 480px) 100vw, 480px\" \/><\/a>\n\t\t \t<\/div><\/div><\/div><div class='gallery-item' item_id='34438'><div class='gallery-item-inner'>\n\t\t\t<div class='gallery-icon landscape'>\n\t\t \t\t<a href=\"https:\/\/escoladailha.com.br\/portal\/wp-content\/uploads\/2024\/07\/42.Labirinto-sensorial-deixa-os-olhos-a-flor-da-pele-04-2010x1131.jpg\"><img loading=\"lazy\" decoding=\"async\" width=\"240\" height=\"190\" src=\"https:\/\/escoladailha.com.br\/portal\/wp-content\/uploads\/2024\/07\/42.Labirinto-sensorial-deixa-os-olhos-a-flor-da-pele-04-480x380.jpg\" class=\"attachment-carousel size-carousel\" alt=\"\" srcset=\"https:\/\/escoladailha.com.br\/portal\/wp-content\/uploads\/2024\/07\/42.Labirinto-sensorial-deixa-os-olhos-a-flor-da-pele-04-480x380.jpg 480w, https:\/\/escoladailha.com.br\/portal\/wp-content\/uploads\/2024\/07\/42.Labirinto-sensorial-deixa-os-olhos-a-flor-da-pele-04-232x184.jpg 232w\" sizes=\"auto, (max-width: 480px) 100vw, 480px\" \/><\/a>\n\t\t \t<\/div><\/div><\/div><div class='gallery-item' item_id='34437'><div class='gallery-item-inner'>\n\t\t\t<div class='gallery-icon portrait'>\n\t\t \t\t<a href=\"https:\/\/escoladailha.com.br\/portal\/wp-content\/uploads\/2024\/07\/42.Labirinto-sensorial-deixa-os-olhos-a-flor-da-pele-03-1131x2010.jpg\"><img loading=\"lazy\" decoding=\"async\" width=\"240\" height=\"190\" src=\"https:\/\/escoladailha.com.br\/portal\/wp-content\/uploads\/2024\/07\/42.Labirinto-sensorial-deixa-os-olhos-a-flor-da-pele-03-480x380.jpg\" class=\"attachment-carousel size-carousel\" alt=\"\" srcset=\"https:\/\/escoladailha.com.br\/portal\/wp-content\/uploads\/2024\/07\/42.Labirinto-sensorial-deixa-os-olhos-a-flor-da-pele-03-480x380.jpg 480w, https:\/\/escoladailha.com.br\/portal\/wp-content\/uploads\/2024\/07\/42.Labirinto-sensorial-deixa-os-olhos-a-flor-da-pele-03-232x184.jpg 232w\" sizes=\"auto, (max-width: 480px) 100vw, 480px\" \/><\/a>\n\t\t \t<\/div><\/div><\/div><div class='gallery-item' item_id='34436'><div class='gallery-item-inner'>\n\t\t\t<div class='gallery-icon landscape'>\n\t\t \t\t<a href=\"https:\/\/escoladailha.com.br\/portal\/wp-content\/uploads\/2024\/07\/42.Labirinto-sensorial-deixa-os-olhos-a-flor-da-pele-02-2010x1131.jpg\"><img loading=\"lazy\" decoding=\"async\" width=\"240\" height=\"190\" src=\"https:\/\/escoladailha.com.br\/portal\/wp-content\/uploads\/2024\/07\/42.Labirinto-sensorial-deixa-os-olhos-a-flor-da-pele-02-480x380.jpg\" class=\"attachment-carousel size-carousel\" alt=\"\" srcset=\"https:\/\/escoladailha.com.br\/portal\/wp-content\/uploads\/2024\/07\/42.Labirinto-sensorial-deixa-os-olhos-a-flor-da-pele-02-480x380.jpg 480w, https:\/\/escoladailha.com.br\/portal\/wp-content\/uploads\/2024\/07\/42.Labirinto-sensorial-deixa-os-olhos-a-flor-da-pele-02-232x184.jpg 232w\" sizes=\"auto, (max-width: 480px) 100vw, 480px\" \/><\/a>\n\t\t \t<\/div><\/div><\/div><div class='gallery-item' item_id='34435'><div class='gallery-item-inner'>\n\t\t\t<div class='gallery-icon landscape'>\n\t\t \t\t<a href=\"https:\/\/escoladailha.com.br\/portal\/wp-content\/uploads\/2024\/07\/42.Labirinto-sensorial-deixa-os-olhos-a-flor-da-pele-01-2010x1131.jpg\"><img loading=\"lazy\" decoding=\"async\" width=\"240\" height=\"190\" src=\"https:\/\/escoladailha.com.br\/portal\/wp-content\/uploads\/2024\/07\/42.Labirinto-sensorial-deixa-os-olhos-a-flor-da-pele-01-480x380.jpg\" class=\"attachment-carousel size-carousel\" alt=\"\" srcset=\"https:\/\/escoladailha.com.br\/portal\/wp-content\/uploads\/2024\/07\/42.Labirinto-sensorial-deixa-os-olhos-a-flor-da-pele-01-480x380.jpg 480w, https:\/\/escoladailha.com.br\/portal\/wp-content\/uploads\/2024\/07\/42.Labirinto-sensorial-deixa-os-olhos-a-flor-da-pele-01-232x184.jpg 232w\" sizes=\"auto, (max-width: 480px) 100vw, 480px\" \/><\/a>\n\t\t \t<\/div><\/div><\/div><div class='gallery-item' item_id='34434'><div class='gallery-item-inner'>\n\t\t\t<div class='gallery-icon landscape'>\n\t\t \t\t<a href=\"https:\/\/escoladailha.com.br\/portal\/wp-content\/uploads\/2024\/07\/42.Labirinto-sensorial-deixa-os-olhos-a-flor-da-pele-14-2010x1131.jpg\"><img loading=\"lazy\" decoding=\"async\" width=\"240\" height=\"190\" src=\"https:\/\/escoladailha.com.br\/portal\/wp-content\/uploads\/2024\/07\/42.Labirinto-sensorial-deixa-os-olhos-a-flor-da-pele-14-480x380.jpg\" class=\"attachment-carousel size-carousel\" alt=\"\" srcset=\"https:\/\/escoladailha.com.br\/portal\/wp-content\/uploads\/2024\/07\/42.Labirinto-sensorial-deixa-os-olhos-a-flor-da-pele-14-480x380.jpg 480w, https:\/\/escoladailha.com.br\/portal\/wp-content\/uploads\/2024\/07\/42.Labirinto-sensorial-deixa-os-olhos-a-flor-da-pele-14-232x184.jpg 232w\" sizes=\"auto, (max-width: 480px) 100vw, 480px\" \/><\/a>\n\t\t \t<\/div><\/div><\/div><div class='gallery-item' item_id='34433'><div class='gallery-item-inner'>\n\t\t\t<div class='gallery-icon portrait'>\n\t\t \t\t<a href=\"https:\/\/escoladailha.com.br\/portal\/wp-content\/uploads\/2024\/07\/42.Jogos-e-desafios-de-logica-13-1131x2010.jpg\"><img loading=\"lazy\" decoding=\"async\" width=\"240\" height=\"190\" src=\"https:\/\/escoladailha.com.br\/portal\/wp-content\/uploads\/2024\/07\/42.Jogos-e-desafios-de-logica-13-480x380.jpg\" class=\"attachment-carousel size-carousel\" alt=\"\" srcset=\"https:\/\/escoladailha.com.br\/portal\/wp-content\/uploads\/2024\/07\/42.Jogos-e-desafios-de-logica-13-480x380.jpg 480w, https:\/\/escoladailha.com.br\/portal\/wp-content\/uploads\/2024\/07\/42.Jogos-e-desafios-de-logica-13-232x184.jpg 232w\" sizes=\"auto, (max-width: 480px) 100vw, 480px\" \/><\/a>\n\t\t \t<\/div><\/div><\/div><div class='gallery-item' item_id='34432'><div class='gallery-item-inner'>\n\t\t\t<div class='gallery-icon landscape'>\n\t\t \t\t<a href=\"https:\/\/escoladailha.com.br\/portal\/wp-content\/uploads\/2024\/07\/42.Jogos-e-desafios-de-logica-12-2010x1131.jpg\"><img loading=\"lazy\" decoding=\"async\" width=\"240\" height=\"190\" src=\"https:\/\/escoladailha.com.br\/portal\/wp-content\/uploads\/2024\/07\/42.Jogos-e-desafios-de-logica-12-480x380.jpg\" class=\"attachment-carousel size-carousel\" alt=\"\" srcset=\"https:\/\/escoladailha.com.br\/portal\/wp-content\/uploads\/2024\/07\/42.Jogos-e-desafios-de-logica-12-480x380.jpg 480w, https:\/\/escoladailha.com.br\/portal\/wp-content\/uploads\/2024\/07\/42.Jogos-e-desafios-de-logica-12-232x184.jpg 232w\" sizes=\"auto, (max-width: 480px) 100vw, 480px\" \/><\/a>\n\t\t \t<\/div><\/div><\/div><div class='gallery-item' item_id='34431'><div class='gallery-item-inner'>\n\t\t\t<div class='gallery-icon portrait'>\n\t\t \t\t<a href=\"https:\/\/escoladailha.com.br\/portal\/wp-content\/uploads\/2024\/07\/42.Jogos-e-desafios-de-logica-11-1131x2010.jpg\"><img loading=\"lazy\" decoding=\"async\" width=\"240\" height=\"190\" src=\"https:\/\/escoladailha.com.br\/portal\/wp-content\/uploads\/2024\/07\/42.Jogos-e-desafios-de-logica-11-480x380.jpg\" class=\"attachment-carousel size-carousel\" alt=\"\" srcset=\"https:\/\/escoladailha.com.br\/portal\/wp-content\/uploads\/2024\/07\/42.Jogos-e-desafios-de-logica-11-480x380.jpg 480w, https:\/\/escoladailha.com.br\/portal\/wp-content\/uploads\/2024\/07\/42.Jogos-e-desafios-de-logica-11-232x184.jpg 232w\" sizes=\"auto, (max-width: 480px) 100vw, 480px\" \/><\/a>\n\t\t \t<\/div><\/div><\/div><div class='gallery-item' item_id='34430'><div class='gallery-item-inner'>\n\t\t\t<div class='gallery-icon landscape'>\n\t\t \t\t<a href=\"https:\/\/escoladailha.com.br\/portal\/wp-content\/uploads\/2024\/07\/42.Jogos-e-desafios-de-logica-10-2010x1131.jpg\"><img loading=\"lazy\" decoding=\"async\" width=\"240\" height=\"190\" src=\"https:\/\/escoladailha.com.br\/portal\/wp-content\/uploads\/2024\/07\/42.Jogos-e-desafios-de-logica-10-480x380.jpg\" class=\"attachment-carousel size-carousel\" alt=\"\" srcset=\"https:\/\/escoladailha.com.br\/portal\/wp-content\/uploads\/2024\/07\/42.Jogos-e-desafios-de-logica-10-480x380.jpg 480w, https:\/\/escoladailha.com.br\/portal\/wp-content\/uploads\/2024\/07\/42.Jogos-e-desafios-de-logica-10-232x184.jpg 232w\" sizes=\"auto, (max-width: 480px) 100vw, 480px\" \/><\/a>\n\t\t \t<\/div><\/div><\/div><div class='gallery-item' item_id='34429'><div class='gallery-item-inner'>\n\t\t\t<div class='gallery-icon portrait'>\n\t\t \t\t<a href=\"https:\/\/escoladailha.com.br\/portal\/wp-content\/uploads\/2024\/07\/42.Jogos-e-desafios-de-logica-09-1131x2010.jpg\"><img loading=\"lazy\" decoding=\"async\" width=\"240\" height=\"190\" src=\"https:\/\/escoladailha.com.br\/portal\/wp-content\/uploads\/2024\/07\/42.Jogos-e-desafios-de-logica-09-480x380.jpg\" class=\"attachment-carousel size-carousel\" alt=\"\" srcset=\"https:\/\/escoladailha.com.br\/portal\/wp-content\/uploads\/2024\/07\/42.Jogos-e-desafios-de-logica-09-480x380.jpg 480w, https:\/\/escoladailha.com.br\/portal\/wp-content\/uploads\/2024\/07\/42.Jogos-e-desafios-de-logica-09-232x184.jpg 232w\" sizes=\"auto, (max-width: 480px) 100vw, 480px\" \/><\/a>\n\t\t \t<\/div><\/div><\/div><div class='gallery-item' item_id='34428'><div class='gallery-item-inner'>\n\t\t\t<div class='gallery-icon landscape'>\n\t\t \t\t<a href=\"https:\/\/escoladailha.com.br\/portal\/wp-content\/uploads\/2024\/07\/42.Jogos-e-desafios-de-logica-08-2010x1131.jpg\"><img loading=\"lazy\" decoding=\"async\" width=\"240\" height=\"190\" src=\"https:\/\/escoladailha.com.br\/portal\/wp-content\/uploads\/2024\/07\/42.Jogos-e-desafios-de-logica-08-480x380.jpg\" class=\"attachment-carousel size-carousel\" alt=\"\" srcset=\"https:\/\/escoladailha.com.br\/portal\/wp-content\/uploads\/2024\/07\/42.Jogos-e-desafios-de-logica-08-480x380.jpg 480w, https:\/\/escoladailha.com.br\/portal\/wp-content\/uploads\/2024\/07\/42.Jogos-e-desafios-de-logica-08-232x184.jpg 232w\" sizes=\"auto, (max-width: 480px) 100vw, 480px\" \/><\/a>\n\t\t \t<\/div><\/div><\/div><div class='gallery-item' item_id='34427'><div class='gallery-item-inner'>\n\t\t\t<div class='gallery-icon landscape'>\n\t\t \t\t<a href=\"https:\/\/escoladailha.com.br\/portal\/wp-content\/uploads\/2024\/07\/42.Jogos-e-desafios-de-logica-07-2010x1131.jpg\"><img loading=\"lazy\" decoding=\"async\" width=\"240\" height=\"190\" src=\"https:\/\/escoladailha.com.br\/portal\/wp-content\/uploads\/2024\/07\/42.Jogos-e-desafios-de-logica-07-480x380.jpg\" class=\"attachment-carousel size-carousel\" alt=\"\" srcset=\"https:\/\/escoladailha.com.br\/portal\/wp-content\/uploads\/2024\/07\/42.Jogos-e-desafios-de-logica-07-480x380.jpg 480w, https:\/\/escoladailha.com.br\/portal\/wp-content\/uploads\/2024\/07\/42.Jogos-e-desafios-de-logica-07-232x184.jpg 232w\" sizes=\"auto, (max-width: 480px) 100vw, 480px\" \/><\/a>\n\t\t \t<\/div><\/div><\/div><div class='gallery-item' item_id='34426'><div class='gallery-item-inner'>\n\t\t\t<div class='gallery-icon landscape'>\n\t\t \t\t<a href=\"https:\/\/escoladailha.com.br\/portal\/wp-content\/uploads\/2024\/07\/42.Jogos-e-desafios-de-logica-06-2010x1131.jpg\"><img loading=\"lazy\" decoding=\"async\" width=\"240\" height=\"190\" src=\"https:\/\/escoladailha.com.br\/portal\/wp-content\/uploads\/2024\/07\/42.Jogos-e-desafios-de-logica-06-480x380.jpg\" class=\"attachment-carousel size-carousel\" alt=\"\" srcset=\"https:\/\/escoladailha.com.br\/portal\/wp-content\/uploads\/2024\/07\/42.Jogos-e-desafios-de-logica-06-480x380.jpg 480w, https:\/\/escoladailha.com.br\/portal\/wp-content\/uploads\/2024\/07\/42.Jogos-e-desafios-de-logica-06-232x184.jpg 232w\" sizes=\"auto, (max-width: 480px) 100vw, 480px\" \/><\/a>\n\t\t \t<\/div><\/div><\/div><div class='gallery-item' item_id='34425'><div class='gallery-item-inner'>\n\t\t\t<div class='gallery-icon landscape'>\n\t\t \t\t<a href=\"https:\/\/escoladailha.com.br\/portal\/wp-content\/uploads\/2024\/07\/42.Jogos-e-desafios-de-logica-05-2010x1131.jpg\"><img loading=\"lazy\" decoding=\"async\" width=\"240\" height=\"190\" src=\"https:\/\/escoladailha.com.br\/portal\/wp-content\/uploads\/2024\/07\/42.Jogos-e-desafios-de-logica-05-480x380.jpg\" class=\"attachment-carousel size-carousel\" alt=\"\" srcset=\"https:\/\/escoladailha.com.br\/portal\/wp-content\/uploads\/2024\/07\/42.Jogos-e-desafios-de-logica-05-480x380.jpg 480w, https:\/\/escoladailha.com.br\/portal\/wp-content\/uploads\/2024\/07\/42.Jogos-e-desafios-de-logica-05-232x184.jpg 232w\" sizes=\"auto, (max-width: 480px) 100vw, 480px\" \/><\/a>\n\t\t \t<\/div><\/div><\/div><div class='gallery-item' item_id='34424'><div class='gallery-item-inner'>\n\t\t\t<div class='gallery-icon landscape'>\n\t\t \t\t<a href=\"https:\/\/escoladailha.com.br\/portal\/wp-content\/uploads\/2024\/07\/42.Jogos-e-desafios-de-logica-04-2010x1131.jpg\"><img loading=\"lazy\" decoding=\"async\" width=\"240\" height=\"190\" src=\"https:\/\/escoladailha.com.br\/portal\/wp-content\/uploads\/2024\/07\/42.Jogos-e-desafios-de-logica-04-480x380.jpg\" class=\"attachment-carousel size-carousel\" alt=\"\" srcset=\"https:\/\/escoladailha.com.br\/portal\/wp-content\/uploads\/2024\/07\/42.Jogos-e-desafios-de-logica-04-480x380.jpg 480w, https:\/\/escoladailha.com.br\/portal\/wp-content\/uploads\/2024\/07\/42.Jogos-e-desafios-de-logica-04-232x184.jpg 232w\" sizes=\"auto, (max-width: 480px) 100vw, 480px\" \/><\/a>\n\t\t \t<\/div><\/div><\/div><div class='gallery-item' item_id='34423'><div class='gallery-item-inner'>\n\t\t\t<div class='gallery-icon landscape'>\n\t\t \t\t<a href=\"https:\/\/escoladailha.com.br\/portal\/wp-content\/uploads\/2024\/07\/42.Jogos-e-desafios-de-logica-03-2010x1131.jpg\"><img loading=\"lazy\" decoding=\"async\" width=\"240\" height=\"190\" src=\"https:\/\/escoladailha.com.br\/portal\/wp-content\/uploads\/2024\/07\/42.Jogos-e-desafios-de-logica-03-480x380.jpg\" class=\"attachment-carousel size-carousel\" alt=\"\" srcset=\"https:\/\/escoladailha.com.br\/portal\/wp-content\/uploads\/2024\/07\/42.Jogos-e-desafios-de-logica-03-480x380.jpg 480w, https:\/\/escoladailha.com.br\/portal\/wp-content\/uploads\/2024\/07\/42.Jogos-e-desafios-de-logica-03-232x184.jpg 232w\" sizes=\"auto, (max-width: 480px) 100vw, 480px\" \/><\/a>\n\t\t \t<\/div><\/div><\/div><div class='gallery-item' item_id='34422'><div class='gallery-item-inner'>\n\t\t\t<div class='gallery-icon portrait'>\n\t\t \t\t<a href=\"https:\/\/escoladailha.com.br\/portal\/wp-content\/uploads\/2024\/07\/42.Jogos-e-desafios-de-logica-02-1131x2010.jpg\"><img loading=\"lazy\" decoding=\"async\" width=\"240\" height=\"190\" src=\"https:\/\/escoladailha.com.br\/portal\/wp-content\/uploads\/2024\/07\/42.Jogos-e-desafios-de-logica-02-480x380.jpg\" class=\"attachment-carousel size-carousel\" alt=\"\" srcset=\"https:\/\/escoladailha.com.br\/portal\/wp-content\/uploads\/2024\/07\/42.Jogos-e-desafios-de-logica-02-480x380.jpg 480w, https:\/\/escoladailha.com.br\/portal\/wp-content\/uploads\/2024\/07\/42.Jogos-e-desafios-de-logica-02-232x184.jpg 232w\" sizes=\"auto, (max-width: 480px) 100vw, 480px\" \/><\/a>\n\t\t \t<\/div><\/div><\/div><div class='gallery-item' item_id='34421'><div class='gallery-item-inner'>\n\t\t\t<div class='gallery-icon portrait'>\n\t\t \t\t<a href=\"https:\/\/escoladailha.com.br\/portal\/wp-content\/uploads\/2024\/07\/42.Jogos-e-desafios-de-logica-01-1131x2010.jpg\"><img loading=\"lazy\" decoding=\"async\" width=\"240\" height=\"190\" src=\"https:\/\/escoladailha.com.br\/portal\/wp-content\/uploads\/2024\/07\/42.Jogos-e-desafios-de-logica-01-480x380.jpg\" class=\"attachment-carousel size-carousel\" alt=\"\" srcset=\"https:\/\/escoladailha.com.br\/portal\/wp-content\/uploads\/2024\/07\/42.Jogos-e-desafios-de-logica-01-480x380.jpg 480w, https:\/\/escoladailha.com.br\/portal\/wp-content\/uploads\/2024\/07\/42.Jogos-e-desafios-de-logica-01-232x184.jpg 232w\" sizes=\"auto, (max-width: 480px) 100vw, 480px\" \/><\/a>\n\t\t \t<\/div><\/div><\/div><div class='gallery-item' item_id='34420'><div class='gallery-item-inner'>\n\t\t\t<div class='gallery-icon portrait'>\n\t\t \t\t<a href=\"https:\/\/escoladailha.com.br\/portal\/wp-content\/uploads\/2024\/07\/42.Jogos-e-desafios-de-logica-14-1131x2010.jpg\"><img loading=\"lazy\" decoding=\"async\" width=\"240\" height=\"190\" src=\"https:\/\/escoladailha.com.br\/portal\/wp-content\/uploads\/2024\/07\/42.Jogos-e-desafios-de-logica-14-480x380.jpg\" class=\"attachment-carousel size-carousel\" alt=\"\" srcset=\"https:\/\/escoladailha.com.br\/portal\/wp-content\/uploads\/2024\/07\/42.Jogos-e-desafios-de-logica-14-480x380.jpg 480w, https:\/\/escoladailha.com.br\/portal\/wp-content\/uploads\/2024\/07\/42.Jogos-e-desafios-de-logica-14-232x184.jpg 232w\" sizes=\"auto, (max-width: 480px) 100vw, 480px\" \/><\/a>\n\t\t \t<\/div><\/div><\/div><div class='gallery-item' item_id='34419'><div class='gallery-item-inner'>\n\t\t\t<div class='gallery-icon landscape'>\n\t\t \t\t<a href=\"https:\/\/escoladailha.com.br\/portal\/wp-content\/uploads\/2024\/07\/42.Cordel-latinoamericano-7-2010x1131.jpg\"><img loading=\"lazy\" decoding=\"async\" width=\"240\" height=\"190\" src=\"https:\/\/escoladailha.com.br\/portal\/wp-content\/uploads\/2024\/07\/42.Cordel-latinoamericano-7-480x380.jpg\" class=\"attachment-carousel size-carousel\" alt=\"\" srcset=\"https:\/\/escoladailha.com.br\/portal\/wp-content\/uploads\/2024\/07\/42.Cordel-latinoamericano-7-480x380.jpg 480w, https:\/\/escoladailha.com.br\/portal\/wp-content\/uploads\/2024\/07\/42.Cordel-latinoamericano-7-232x184.jpg 232w\" sizes=\"auto, (max-width: 480px) 100vw, 480px\" \/><\/a>\n\t\t \t<\/div><\/div><\/div><div class='gallery-item' item_id='34418'><div class='gallery-item-inner'>\n\t\t\t<div class='gallery-icon landscape'>\n\t\t \t\t<a href=\"https:\/\/escoladailha.com.br\/portal\/wp-content\/uploads\/2024\/07\/42.Cordel-latinoamericano-6-2010x1131.jpg\"><img loading=\"lazy\" decoding=\"async\" width=\"240\" height=\"190\" src=\"https:\/\/escoladailha.com.br\/portal\/wp-content\/uploads\/2024\/07\/42.Cordel-latinoamericano-6-480x380.jpg\" class=\"attachment-carousel size-carousel\" alt=\"\" srcset=\"https:\/\/escoladailha.com.br\/portal\/wp-content\/uploads\/2024\/07\/42.Cordel-latinoamericano-6-480x380.jpg 480w, https:\/\/escoladailha.com.br\/portal\/wp-content\/uploads\/2024\/07\/42.Cordel-latinoamericano-6-232x184.jpg 232w\" sizes=\"auto, (max-width: 480px) 100vw, 480px\" \/><\/a>\n\t\t \t<\/div><\/div><\/div><div class='gallery-item' item_id='34417'><div class='gallery-item-inner'>\n\t\t\t<div class='gallery-icon landscape'>\n\t\t \t\t<a href=\"https:\/\/escoladailha.com.br\/portal\/wp-content\/uploads\/2024\/07\/42.Cordel-latinoamericano-5-2010x1131.jpg\"><img loading=\"lazy\" decoding=\"async\" width=\"240\" height=\"190\" src=\"https:\/\/escoladailha.com.br\/portal\/wp-content\/uploads\/2024\/07\/42.Cordel-latinoamericano-5-480x380.jpg\" class=\"attachment-carousel size-carousel\" alt=\"\" srcset=\"https:\/\/escoladailha.com.br\/portal\/wp-content\/uploads\/2024\/07\/42.Cordel-latinoamericano-5-480x380.jpg 480w, https:\/\/escoladailha.com.br\/portal\/wp-content\/uploads\/2024\/07\/42.Cordel-latinoamericano-5-232x184.jpg 232w\" sizes=\"auto, (max-width: 480px) 100vw, 480px\" \/><\/a>\n\t\t \t<\/div><\/div><\/div><div class='gallery-item' item_id='34416'><div class='gallery-item-inner'>\n\t\t\t<div class='gallery-icon portrait'>\n\t\t \t\t<a href=\"https:\/\/escoladailha.com.br\/portal\/wp-content\/uploads\/2024\/07\/42.Cordel-latinoamericano-4-1131x2010.jpg\"><img loading=\"lazy\" decoding=\"async\" width=\"240\" height=\"190\" src=\"https:\/\/escoladailha.com.br\/portal\/wp-content\/uploads\/2024\/07\/42.Cordel-latinoamericano-4-480x380.jpg\" class=\"attachment-carousel size-carousel\" alt=\"\" srcset=\"https:\/\/escoladailha.com.br\/portal\/wp-content\/uploads\/2024\/07\/42.Cordel-latinoamericano-4-480x380.jpg 480w, https:\/\/escoladailha.com.br\/portal\/wp-content\/uploads\/2024\/07\/42.Cordel-latinoamericano-4-232x184.jpg 232w\" sizes=\"auto, (max-width: 480px) 100vw, 480px\" \/><\/a>\n\t\t \t<\/div><\/div><\/div><div class='gallery-item' item_id='34415'><div class='gallery-item-inner'>\n\t\t\t<div class='gallery-icon landscape'>\n\t\t \t\t<a href=\"https:\/\/escoladailha.com.br\/portal\/wp-content\/uploads\/2024\/07\/42.Cordel-latinoamericano-3-2010x1131.jpg\"><img loading=\"lazy\" decoding=\"async\" width=\"240\" height=\"190\" src=\"https:\/\/escoladailha.com.br\/portal\/wp-content\/uploads\/2024\/07\/42.Cordel-latinoamericano-3-480x380.jpg\" class=\"attachment-carousel size-carousel\" alt=\"\" srcset=\"https:\/\/escoladailha.com.br\/portal\/wp-content\/uploads\/2024\/07\/42.Cordel-latinoamericano-3-480x380.jpg 480w, https:\/\/escoladailha.com.br\/portal\/wp-content\/uploads\/2024\/07\/42.Cordel-latinoamericano-3-232x184.jpg 232w\" sizes=\"auto, (max-width: 480px) 100vw, 480px\" \/><\/a>\n\t\t \t<\/div><\/div><\/div><div class='gallery-item' item_id='34414'><div class='gallery-item-inner'>\n\t\t\t<div class='gallery-icon landscape'>\n\t\t \t\t<a href=\"https:\/\/escoladailha.com.br\/portal\/wp-content\/uploads\/2024\/07\/42.Cordel-latinoamericano-2-2010x1131.jpg\"><img loading=\"lazy\" decoding=\"async\" width=\"240\" height=\"190\" src=\"https:\/\/escoladailha.com.br\/portal\/wp-content\/uploads\/2024\/07\/42.Cordel-latinoamericano-2-480x380.jpg\" class=\"attachment-carousel size-carousel\" alt=\"\" srcset=\"https:\/\/escoladailha.com.br\/portal\/wp-content\/uploads\/2024\/07\/42.Cordel-latinoamericano-2-480x380.jpg 480w, https:\/\/escoladailha.com.br\/portal\/wp-content\/uploads\/2024\/07\/42.Cordel-latinoamericano-2-232x184.jpg 232w\" sizes=\"auto, (max-width: 480px) 100vw, 480px\" \/><\/a>\n\t\t \t<\/div><\/div><\/div><div class='gallery-item' item_id='34413'><div class='gallery-item-inner'>\n\t\t\t<div class='gallery-icon landscape'>\n\t\t \t\t<a href=\"https:\/\/escoladailha.com.br\/portal\/wp-content\/uploads\/2024\/07\/42.Cordel-latinoamericano-1-2010x1131.jpg\"><img loading=\"lazy\" decoding=\"async\" width=\"240\" height=\"190\" src=\"https:\/\/escoladailha.com.br\/portal\/wp-content\/uploads\/2024\/07\/42.Cordel-latinoamericano-1-480x380.jpg\" class=\"attachment-carousel size-carousel\" alt=\"\" srcset=\"https:\/\/escoladailha.com.br\/portal\/wp-content\/uploads\/2024\/07\/42.Cordel-latinoamericano-1-480x380.jpg 480w, https:\/\/escoladailha.com.br\/portal\/wp-content\/uploads\/2024\/07\/42.Cordel-latinoamericano-1-232x184.jpg 232w\" sizes=\"auto, (max-width: 480px) 100vw, 480px\" \/><\/a>\n\t\t \t<\/div><\/div><\/div><div class='gallery-item' item_id='34412'><div class='gallery-item-inner'>\n\t\t\t<div class='gallery-icon landscape'>\n\t\t \t\t<a href=\"https:\/\/escoladailha.com.br\/portal\/wp-content\/uploads\/2024\/07\/42.Cordel-latinoamericano-8-2010x1131.jpg\"><img loading=\"lazy\" decoding=\"async\" width=\"240\" height=\"190\" src=\"https:\/\/escoladailha.com.br\/portal\/wp-content\/uploads\/2024\/07\/42.Cordel-latinoamericano-8-480x380.jpg\" class=\"attachment-carousel size-carousel\" alt=\"\" srcset=\"https:\/\/escoladailha.com.br\/portal\/wp-content\/uploads\/2024\/07\/42.Cordel-latinoamericano-8-480x380.jpg 480w, https:\/\/escoladailha.com.br\/portal\/wp-content\/uploads\/2024\/07\/42.Cordel-latinoamericano-8-232x184.jpg 232w\" sizes=\"auto, (max-width: 480px) 100vw, 480px\" \/><\/a>\n\t\t \t<\/div><\/div><\/div><div class='gallery-item' item_id='34411'><div class='gallery-item-inner'>\n\t\t\t<div class='gallery-icon landscape'>\n\t\t \t\t<a href=\"https:\/\/escoladailha.com.br\/portal\/wp-content\/uploads\/2024\/07\/42.Banda-escolar-toca-parodia-sobre-a-puberdade-30-2010x1133.jpg\"><img loading=\"lazy\" decoding=\"async\" width=\"240\" height=\"190\" src=\"https:\/\/escoladailha.com.br\/portal\/wp-content\/uploads\/2024\/07\/42.Banda-escolar-toca-parodia-sobre-a-puberdade-30-480x380.jpg\" class=\"attachment-carousel size-carousel\" alt=\"\" srcset=\"https:\/\/escoladailha.com.br\/portal\/wp-content\/uploads\/2024\/07\/42.Banda-escolar-toca-parodia-sobre-a-puberdade-30-480x380.jpg 480w, https:\/\/escoladailha.com.br\/portal\/wp-content\/uploads\/2024\/07\/42.Banda-escolar-toca-parodia-sobre-a-puberdade-30-232x184.jpg 232w\" sizes=\"auto, (max-width: 480px) 100vw, 480px\" \/><\/a>\n\t\t \t<\/div><\/div><\/div><div class='gallery-item' item_id='34410'><div class='gallery-item-inner'>\n\t\t\t<div class='gallery-icon landscape'>\n\t\t \t\t<a href=\"https:\/\/escoladailha.com.br\/portal\/wp-content\/uploads\/2024\/07\/42.Banda-escolar-toca-parodia-sobre-a-puberdade-29-2010x1133.jpg\"><img loading=\"lazy\" decoding=\"async\" width=\"240\" height=\"190\" src=\"https:\/\/escoladailha.com.br\/portal\/wp-content\/uploads\/2024\/07\/42.Banda-escolar-toca-parodia-sobre-a-puberdade-29-480x380.jpg\" class=\"attachment-carousel size-carousel\" alt=\"\" srcset=\"https:\/\/escoladailha.com.br\/portal\/wp-content\/uploads\/2024\/07\/42.Banda-escolar-toca-parodia-sobre-a-puberdade-29-480x380.jpg 480w, https:\/\/escoladailha.com.br\/portal\/wp-content\/uploads\/2024\/07\/42.Banda-escolar-toca-parodia-sobre-a-puberdade-29-232x184.jpg 232w\" sizes=\"auto, (max-width: 480px) 100vw, 480px\" \/><\/a>\n\t\t \t<\/div><\/div><\/div><div class='gallery-item' item_id='34409'><div class='gallery-item-inner'>\n\t\t\t<div class='gallery-icon landscape'>\n\t\t \t\t<a href=\"https:\/\/escoladailha.com.br\/portal\/wp-content\/uploads\/2024\/07\/42.Banda-escolar-toca-parodia-sobre-a-puberdade-28-2010x1133.jpg\"><img loading=\"lazy\" decoding=\"async\" width=\"240\" height=\"190\" src=\"https:\/\/escoladailha.com.br\/portal\/wp-content\/uploads\/2024\/07\/42.Banda-escolar-toca-parodia-sobre-a-puberdade-28-480x380.jpg\" class=\"attachment-carousel size-carousel\" alt=\"\" srcset=\"https:\/\/escoladailha.com.br\/portal\/wp-content\/uploads\/2024\/07\/42.Banda-escolar-toca-parodia-sobre-a-puberdade-28-480x380.jpg 480w, https:\/\/escoladailha.com.br\/portal\/wp-content\/uploads\/2024\/07\/42.Banda-escolar-toca-parodia-sobre-a-puberdade-28-232x184.jpg 232w\" sizes=\"auto, (max-width: 480px) 100vw, 480px\" \/><\/a>\n\t\t \t<\/div><\/div><\/div><div class='gallery-item' item_id='34408'><div class='gallery-item-inner'>\n\t\t\t<div class='gallery-icon landscape'>\n\t\t \t\t<a href=\"https:\/\/escoladailha.com.br\/portal\/wp-content\/uploads\/2024\/07\/42.Banda-escolar-toca-parodia-sobre-a-puberdade-27-2010x1133.jpg\"><img loading=\"lazy\" decoding=\"async\" width=\"240\" height=\"190\" src=\"https:\/\/escoladailha.com.br\/portal\/wp-content\/uploads\/2024\/07\/42.Banda-escolar-toca-parodia-sobre-a-puberdade-27-480x380.jpg\" class=\"attachment-carousel size-carousel\" alt=\"\" srcset=\"https:\/\/escoladailha.com.br\/portal\/wp-content\/uploads\/2024\/07\/42.Banda-escolar-toca-parodia-sobre-a-puberdade-27-480x380.jpg 480w, https:\/\/escoladailha.com.br\/portal\/wp-content\/uploads\/2024\/07\/42.Banda-escolar-toca-parodia-sobre-a-puberdade-27-232x184.jpg 232w\" sizes=\"auto, (max-width: 480px) 100vw, 480px\" \/><\/a>\n\t\t \t<\/div><\/div><\/div><div class='gallery-item' item_id='34407'><div class='gallery-item-inner'>\n\t\t\t<div class='gallery-icon landscape'>\n\t\t \t\t<a href=\"https:\/\/escoladailha.com.br\/portal\/wp-content\/uploads\/2024\/07\/42.Banda-escolar-toca-parodia-sobre-a-puberdade-26-2010x1133.jpg\"><img loading=\"lazy\" decoding=\"async\" width=\"240\" height=\"190\" src=\"https:\/\/escoladailha.com.br\/portal\/wp-content\/uploads\/2024\/07\/42.Banda-escolar-toca-parodia-sobre-a-puberdade-26-480x380.jpg\" class=\"attachment-carousel size-carousel\" alt=\"\" srcset=\"https:\/\/escoladailha.com.br\/portal\/wp-content\/uploads\/2024\/07\/42.Banda-escolar-toca-parodia-sobre-a-puberdade-26-480x380.jpg 480w, https:\/\/escoladailha.com.br\/portal\/wp-content\/uploads\/2024\/07\/42.Banda-escolar-toca-parodia-sobre-a-puberdade-26-232x184.jpg 232w\" sizes=\"auto, (max-width: 480px) 100vw, 480px\" \/><\/a>\n\t\t \t<\/div><\/div><\/div><div class='gallery-item' item_id='34406'><div class='gallery-item-inner'>\n\t\t\t<div class='gallery-icon landscape'>\n\t\t \t\t<a href=\"https:\/\/escoladailha.com.br\/portal\/wp-content\/uploads\/2024\/07\/42.Banda-escolar-toca-parodia-sobre-a-puberdade-25-2010x1133.jpg\"><img loading=\"lazy\" decoding=\"async\" width=\"240\" height=\"190\" src=\"https:\/\/escoladailha.com.br\/portal\/wp-content\/uploads\/2024\/07\/42.Banda-escolar-toca-parodia-sobre-a-puberdade-25-480x380.jpg\" class=\"attachment-carousel size-carousel\" alt=\"\" srcset=\"https:\/\/escoladailha.com.br\/portal\/wp-content\/uploads\/2024\/07\/42.Banda-escolar-toca-parodia-sobre-a-puberdade-25-480x380.jpg 480w, https:\/\/escoladailha.com.br\/portal\/wp-content\/uploads\/2024\/07\/42.Banda-escolar-toca-parodia-sobre-a-puberdade-25-232x184.jpg 232w\" sizes=\"auto, (max-width: 480px) 100vw, 480px\" \/><\/a>\n\t\t \t<\/div><\/div><\/div><div class='gallery-item' item_id='34405'><div class='gallery-item-inner'>\n\t\t\t<div class='gallery-icon landscape'>\n\t\t \t\t<a href=\"https:\/\/escoladailha.com.br\/portal\/wp-content\/uploads\/2024\/07\/42.Banda-escolar-toca-parodia-sobre-a-puberdade-24-2010x1133.jpg\"><img loading=\"lazy\" decoding=\"async\" width=\"240\" height=\"190\" src=\"https:\/\/escoladailha.com.br\/portal\/wp-content\/uploads\/2024\/07\/42.Banda-escolar-toca-parodia-sobre-a-puberdade-24-480x380.jpg\" class=\"attachment-carousel size-carousel\" alt=\"\" srcset=\"https:\/\/escoladailha.com.br\/portal\/wp-content\/uploads\/2024\/07\/42.Banda-escolar-toca-parodia-sobre-a-puberdade-24-480x380.jpg 480w, https:\/\/escoladailha.com.br\/portal\/wp-content\/uploads\/2024\/07\/42.Banda-escolar-toca-parodia-sobre-a-puberdade-24-232x184.jpg 232w\" sizes=\"auto, (max-width: 480px) 100vw, 480px\" \/><\/a>\n\t\t \t<\/div><\/div><\/div><div class='gallery-item' item_id='34404'><div class='gallery-item-inner'>\n\t\t\t<div class='gallery-icon landscape'>\n\t\t \t\t<a href=\"https:\/\/escoladailha.com.br\/portal\/wp-content\/uploads\/2024\/07\/42.Banda-escolar-toca-parodia-sobre-a-puberdade-23-2010x1133.jpg\"><img loading=\"lazy\" decoding=\"async\" width=\"240\" height=\"190\" src=\"https:\/\/escoladailha.com.br\/portal\/wp-content\/uploads\/2024\/07\/42.Banda-escolar-toca-parodia-sobre-a-puberdade-23-480x380.jpg\" class=\"attachment-carousel size-carousel\" alt=\"\" srcset=\"https:\/\/escoladailha.com.br\/portal\/wp-content\/uploads\/2024\/07\/42.Banda-escolar-toca-parodia-sobre-a-puberdade-23-480x380.jpg 480w, https:\/\/escoladailha.com.br\/portal\/wp-content\/uploads\/2024\/07\/42.Banda-escolar-toca-parodia-sobre-a-puberdade-23-232x184.jpg 232w\" sizes=\"auto, (max-width: 480px) 100vw, 480px\" \/><\/a>\n\t\t \t<\/div><\/div><\/div><div class='gallery-item' item_id='34403'><div class='gallery-item-inner'>\n\t\t\t<div class='gallery-icon portrait'>\n\t\t \t\t<a href=\"https:\/\/escoladailha.com.br\/portal\/wp-content\/uploads\/2024\/07\/42.Banda-escolar-toca-parodia-sobre-a-puberdade-22-1133x2010.jpg\"><img loading=\"lazy\" decoding=\"async\" width=\"240\" height=\"190\" src=\"https:\/\/escoladailha.com.br\/portal\/wp-content\/uploads\/2024\/07\/42.Banda-escolar-toca-parodia-sobre-a-puberdade-22-480x380.jpg\" class=\"attachment-carousel size-carousel\" alt=\"\" srcset=\"https:\/\/escoladailha.com.br\/portal\/wp-content\/uploads\/2024\/07\/42.Banda-escolar-toca-parodia-sobre-a-puberdade-22-480x380.jpg 480w, https:\/\/escoladailha.com.br\/portal\/wp-content\/uploads\/2024\/07\/42.Banda-escolar-toca-parodia-sobre-a-puberdade-22-232x184.jpg 232w\" sizes=\"auto, (max-width: 480px) 100vw, 480px\" \/><\/a>\n\t\t \t<\/div><\/div><\/div><div class='gallery-item' item_id='34402'><div class='gallery-item-inner'>\n\t\t\t<div class='gallery-icon portrait'>\n\t\t \t\t<a href=\"https:\/\/escoladailha.com.br\/portal\/wp-content\/uploads\/2024\/07\/42.Banda-escolar-toca-parodia-sobre-a-puberdade-21-1133x2010.jpg\"><img loading=\"lazy\" decoding=\"async\" width=\"240\" height=\"190\" src=\"https:\/\/escoladailha.com.br\/portal\/wp-content\/uploads\/2024\/07\/42.Banda-escolar-toca-parodia-sobre-a-puberdade-21-480x380.jpg\" class=\"attachment-carousel size-carousel\" alt=\"\" srcset=\"https:\/\/escoladailha.com.br\/portal\/wp-content\/uploads\/2024\/07\/42.Banda-escolar-toca-parodia-sobre-a-puberdade-21-480x380.jpg 480w, https:\/\/escoladailha.com.br\/portal\/wp-content\/uploads\/2024\/07\/42.Banda-escolar-toca-parodia-sobre-a-puberdade-21-232x184.jpg 232w\" sizes=\"auto, (max-width: 480px) 100vw, 480px\" \/><\/a>\n\t\t \t<\/div><\/div><\/div><div class='gallery-item' item_id='34401'><div class='gallery-item-inner'>\n\t\t\t<div class='gallery-icon landscape'>\n\t\t \t\t<a href=\"https:\/\/escoladailha.com.br\/portal\/wp-content\/uploads\/2024\/07\/42.Banda-escolar-toca-parodia-sobre-a-puberdade-20-2010x1133.jpg\"><img loading=\"lazy\" decoding=\"async\" width=\"240\" height=\"190\" src=\"https:\/\/escoladailha.com.br\/portal\/wp-content\/uploads\/2024\/07\/42.Banda-escolar-toca-parodia-sobre-a-puberdade-20-480x380.jpg\" class=\"attachment-carousel size-carousel\" alt=\"\" srcset=\"https:\/\/escoladailha.com.br\/portal\/wp-content\/uploads\/2024\/07\/42.Banda-escolar-toca-parodia-sobre-a-puberdade-20-480x380.jpg 480w, https:\/\/escoladailha.com.br\/portal\/wp-content\/uploads\/2024\/07\/42.Banda-escolar-toca-parodia-sobre-a-puberdade-20-232x184.jpg 232w\" sizes=\"auto, (max-width: 480px) 100vw, 480px\" \/><\/a>\n\t\t \t<\/div><\/div><\/div><div class='gallery-item' item_id='34400'><div class='gallery-item-inner'>\n\t\t\t<div class='gallery-icon portrait'>\n\t\t \t\t<a href=\"https:\/\/escoladailha.com.br\/portal\/wp-content\/uploads\/2024\/07\/42.Banda-escolar-toca-parodia-sobre-a-puberdade-19-1133x2010.jpg\"><img loading=\"lazy\" decoding=\"async\" width=\"240\" height=\"190\" src=\"https:\/\/escoladailha.com.br\/portal\/wp-content\/uploads\/2024\/07\/42.Banda-escolar-toca-parodia-sobre-a-puberdade-19-480x380.jpg\" class=\"attachment-carousel size-carousel\" alt=\"\" srcset=\"https:\/\/escoladailha.com.br\/portal\/wp-content\/uploads\/2024\/07\/42.Banda-escolar-toca-parodia-sobre-a-puberdade-19-480x380.jpg 480w, https:\/\/escoladailha.com.br\/portal\/wp-content\/uploads\/2024\/07\/42.Banda-escolar-toca-parodia-sobre-a-puberdade-19-232x184.jpg 232w\" sizes=\"auto, (max-width: 480px) 100vw, 480px\" \/><\/a>\n\t\t \t<\/div><\/div><\/div><div class='gallery-item' item_id='34399'><div class='gallery-item-inner'>\n\t\t\t<div class='gallery-icon landscape'>\n\t\t \t\t<a href=\"https:\/\/escoladailha.com.br\/portal\/wp-content\/uploads\/2024\/07\/42.Banda-escolar-toca-parodia-sobre-a-puberdade-18-2010x1133.jpg\"><img loading=\"lazy\" decoding=\"async\" width=\"240\" height=\"190\" src=\"https:\/\/escoladailha.com.br\/portal\/wp-content\/uploads\/2024\/07\/42.Banda-escolar-toca-parodia-sobre-a-puberdade-18-480x380.jpg\" class=\"attachment-carousel size-carousel\" alt=\"\" srcset=\"https:\/\/escoladailha.com.br\/portal\/wp-content\/uploads\/2024\/07\/42.Banda-escolar-toca-parodia-sobre-a-puberdade-18-480x380.jpg 480w, https:\/\/escoladailha.com.br\/portal\/wp-content\/uploads\/2024\/07\/42.Banda-escolar-toca-parodia-sobre-a-puberdade-18-232x184.jpg 232w\" sizes=\"auto, (max-width: 480px) 100vw, 480px\" \/><\/a>\n\t\t \t<\/div><\/div><\/div><div class='gallery-item' item_id='34398'><div class='gallery-item-inner'>\n\t\t\t<div class='gallery-icon portrait'>\n\t\t \t\t<a href=\"https:\/\/escoladailha.com.br\/portal\/wp-content\/uploads\/2024\/07\/42.Banda-escolar-toca-parodia-sobre-a-puberdade-17-1133x2010.jpg\"><img loading=\"lazy\" decoding=\"async\" width=\"240\" height=\"190\" src=\"https:\/\/escoladailha.com.br\/portal\/wp-content\/uploads\/2024\/07\/42.Banda-escolar-toca-parodia-sobre-a-puberdade-17-480x380.jpg\" class=\"attachment-carousel size-carousel\" alt=\"\" srcset=\"https:\/\/escoladailha.com.br\/portal\/wp-content\/uploads\/2024\/07\/42.Banda-escolar-toca-parodia-sobre-a-puberdade-17-480x380.jpg 480w, https:\/\/escoladailha.com.br\/portal\/wp-content\/uploads\/2024\/07\/42.Banda-escolar-toca-parodia-sobre-a-puberdade-17-232x184.jpg 232w\" sizes=\"auto, (max-width: 480px) 100vw, 480px\" \/><\/a>\n\t\t \t<\/div><\/div><\/div><div class='gallery-item' item_id='34397'><div class='gallery-item-inner'>\n\t\t\t<div class='gallery-icon portrait'>\n\t\t \t\t<a href=\"https:\/\/escoladailha.com.br\/portal\/wp-content\/uploads\/2024\/07\/42.Banda-escolar-toca-parodia-sobre-a-puberdade-32-1133x2010.jpg\"><img loading=\"lazy\" decoding=\"async\" width=\"240\" height=\"190\" src=\"https:\/\/escoladailha.com.br\/portal\/wp-content\/uploads\/2024\/07\/42.Banda-escolar-toca-parodia-sobre-a-puberdade-32-480x380.jpg\" class=\"attachment-carousel size-carousel\" alt=\"\" srcset=\"https:\/\/escoladailha.com.br\/portal\/wp-content\/uploads\/2024\/07\/42.Banda-escolar-toca-parodia-sobre-a-puberdade-32-480x380.jpg 480w, https:\/\/escoladailha.com.br\/portal\/wp-content\/uploads\/2024\/07\/42.Banda-escolar-toca-parodia-sobre-a-puberdade-32-232x184.jpg 232w\" sizes=\"auto, (max-width: 480px) 100vw, 480px\" \/><\/a>\n\t\t \t<\/div><\/div><\/div><div class='gallery-item' item_id='34396'><div class='gallery-item-inner'>\n\t\t\t<div class='gallery-icon portrait'>\n\t\t \t\t<a href=\"https:\/\/escoladailha.com.br\/portal\/wp-content\/uploads\/2024\/07\/42.Banda-escolar-toca-parodia-sobre-a-puberdade-31-1133x2010.jpg\"><img loading=\"lazy\" decoding=\"async\" width=\"240\" height=\"190\" src=\"https:\/\/escoladailha.com.br\/portal\/wp-content\/uploads\/2024\/07\/42.Banda-escolar-toca-parodia-sobre-a-puberdade-31-480x380.jpg\" class=\"attachment-carousel size-carousel\" alt=\"\" srcset=\"https:\/\/escoladailha.com.br\/portal\/wp-content\/uploads\/2024\/07\/42.Banda-escolar-toca-parodia-sobre-a-puberdade-31-480x380.jpg 480w, https:\/\/escoladailha.com.br\/portal\/wp-content\/uploads\/2024\/07\/42.Banda-escolar-toca-parodia-sobre-a-puberdade-31-232x184.jpg 232w\" sizes=\"auto, (max-width: 480px) 100vw, 480px\" \/><\/a>\n\t\t \t<\/div><\/div><\/div><div class='gallery-item' item_id='34395'><div class='gallery-item-inner'>\n\t\t\t<div class='gallery-icon landscape'>\n\t\t \t\t<a href=\"https:\/\/escoladailha.com.br\/portal\/wp-content\/uploads\/2024\/07\/42.As-tartarugas-ninja-denunciam-a-crise-climatica-7-2010x1131.jpg\"><img loading=\"lazy\" decoding=\"async\" width=\"240\" height=\"190\" src=\"https:\/\/escoladailha.com.br\/portal\/wp-content\/uploads\/2024\/07\/42.As-tartarugas-ninja-denunciam-a-crise-climatica-7-480x380.jpg\" class=\"attachment-carousel size-carousel\" alt=\"\" srcset=\"https:\/\/escoladailha.com.br\/portal\/wp-content\/uploads\/2024\/07\/42.As-tartarugas-ninja-denunciam-a-crise-climatica-7-480x380.jpg 480w, https:\/\/escoladailha.com.br\/portal\/wp-content\/uploads\/2024\/07\/42.As-tartarugas-ninja-denunciam-a-crise-climatica-7-232x184.jpg 232w\" sizes=\"auto, (max-width: 480px) 100vw, 480px\" \/><\/a>\n\t\t \t<\/div><\/div><\/div><div class='gallery-item' item_id='34394'><div class='gallery-item-inner'>\n\t\t\t<div class='gallery-icon landscape'>\n\t\t \t\t<a href=\"https:\/\/escoladailha.com.br\/portal\/wp-content\/uploads\/2024\/07\/42.As-tartarugas-ninja-denunciam-a-crise-climatica-6-2010x1131.jpg\"><img loading=\"lazy\" decoding=\"async\" width=\"240\" height=\"190\" src=\"https:\/\/escoladailha.com.br\/portal\/wp-content\/uploads\/2024\/07\/42.As-tartarugas-ninja-denunciam-a-crise-climatica-6-480x380.jpg\" class=\"attachment-carousel size-carousel\" alt=\"\" srcset=\"https:\/\/escoladailha.com.br\/portal\/wp-content\/uploads\/2024\/07\/42.As-tartarugas-ninja-denunciam-a-crise-climatica-6-480x380.jpg 480w, https:\/\/escoladailha.com.br\/portal\/wp-content\/uploads\/2024\/07\/42.As-tartarugas-ninja-denunciam-a-crise-climatica-6-232x184.jpg 232w\" sizes=\"auto, (max-width: 480px) 100vw, 480px\" \/><\/a>\n\t\t \t<\/div><\/div><\/div><div class='gallery-item' item_id='34393'><div class='gallery-item-inner'>\n\t\t\t<div class='gallery-icon landscape'>\n\t\t \t\t<a href=\"https:\/\/escoladailha.com.br\/portal\/wp-content\/uploads\/2024\/07\/42.As-tartarugas-ninja-denunciam-a-crise-climatica-5-2010x1131.jpg\"><img loading=\"lazy\" decoding=\"async\" width=\"240\" height=\"190\" src=\"https:\/\/escoladailha.com.br\/portal\/wp-content\/uploads\/2024\/07\/42.As-tartarugas-ninja-denunciam-a-crise-climatica-5-480x380.jpg\" class=\"attachment-carousel size-carousel\" alt=\"\" srcset=\"https:\/\/escoladailha.com.br\/portal\/wp-content\/uploads\/2024\/07\/42.As-tartarugas-ninja-denunciam-a-crise-climatica-5-480x380.jpg 480w, https:\/\/escoladailha.com.br\/portal\/wp-content\/uploads\/2024\/07\/42.As-tartarugas-ninja-denunciam-a-crise-climatica-5-232x184.jpg 232w\" sizes=\"auto, (max-width: 480px) 100vw, 480px\" \/><\/a>\n\t\t \t<\/div><\/div><\/div><div class='gallery-item' item_id='34392'><div class='gallery-item-inner'>\n\t\t\t<div class='gallery-icon landscape'>\n\t\t \t\t<a href=\"https:\/\/escoladailha.com.br\/portal\/wp-content\/uploads\/2024\/07\/42.As-tartarugas-ninja-denunciam-a-crise-climatica-4-2010x1131.jpg\"><img loading=\"lazy\" decoding=\"async\" width=\"240\" height=\"190\" src=\"https:\/\/escoladailha.com.br\/portal\/wp-content\/uploads\/2024\/07\/42.As-tartarugas-ninja-denunciam-a-crise-climatica-4-480x380.jpg\" class=\"attachment-carousel size-carousel\" alt=\"\" srcset=\"https:\/\/escoladailha.com.br\/portal\/wp-content\/uploads\/2024\/07\/42.As-tartarugas-ninja-denunciam-a-crise-climatica-4-480x380.jpg 480w, https:\/\/escoladailha.com.br\/portal\/wp-content\/uploads\/2024\/07\/42.As-tartarugas-ninja-denunciam-a-crise-climatica-4-232x184.jpg 232w\" sizes=\"auto, (max-width: 480px) 100vw, 480px\" \/><\/a>\n\t\t \t<\/div><\/div><\/div><div class='gallery-item' item_id='34391'><div class='gallery-item-inner'>\n\t\t\t<div class='gallery-icon landscape'>\n\t\t \t\t<a href=\"https:\/\/escoladailha.com.br\/portal\/wp-content\/uploads\/2024\/07\/42.As-tartarugas-ninja-denunciam-a-crise-climatica-3-2010x1131.jpg\"><img loading=\"lazy\" decoding=\"async\" width=\"240\" height=\"190\" src=\"https:\/\/escoladailha.com.br\/portal\/wp-content\/uploads\/2024\/07\/42.As-tartarugas-ninja-denunciam-a-crise-climatica-3-480x380.jpg\" class=\"attachment-carousel size-carousel\" alt=\"\" srcset=\"https:\/\/escoladailha.com.br\/portal\/wp-content\/uploads\/2024\/07\/42.As-tartarugas-ninja-denunciam-a-crise-climatica-3-480x380.jpg 480w, https:\/\/escoladailha.com.br\/portal\/wp-content\/uploads\/2024\/07\/42.As-tartarugas-ninja-denunciam-a-crise-climatica-3-232x184.jpg 232w\" sizes=\"auto, (max-width: 480px) 100vw, 480px\" \/><\/a>\n\t\t \t<\/div><\/div><\/div><div class='gallery-item' item_id='34390'><div class='gallery-item-inner'>\n\t\t\t<div class='gallery-icon landscape'>\n\t\t \t\t<a href=\"https:\/\/escoladailha.com.br\/portal\/wp-content\/uploads\/2024\/07\/42.As-tartarugas-ninja-denunciam-a-crise-climatica-2-2010x1131.jpg\"><img loading=\"lazy\" decoding=\"async\" width=\"240\" height=\"190\" src=\"https:\/\/escoladailha.com.br\/portal\/wp-content\/uploads\/2024\/07\/42.As-tartarugas-ninja-denunciam-a-crise-climatica-2-480x380.jpg\" class=\"attachment-carousel size-carousel\" alt=\"\" srcset=\"https:\/\/escoladailha.com.br\/portal\/wp-content\/uploads\/2024\/07\/42.As-tartarugas-ninja-denunciam-a-crise-climatica-2-480x380.jpg 480w, https:\/\/escoladailha.com.br\/portal\/wp-content\/uploads\/2024\/07\/42.As-tartarugas-ninja-denunciam-a-crise-climatica-2-232x184.jpg 232w\" sizes=\"auto, (max-width: 480px) 100vw, 480px\" \/><\/a>\n\t\t \t<\/div><\/div><\/div><div class='gallery-item' item_id='34389'><div class='gallery-item-inner'>\n\t\t\t<div class='gallery-icon landscape'>\n\t\t \t\t<a href=\"https:\/\/escoladailha.com.br\/portal\/wp-content\/uploads\/2024\/07\/42.As-tartarugas-ninja-denunciam-a-crise-climatica-1-2010x1131.jpg\"><img loading=\"lazy\" decoding=\"async\" width=\"240\" height=\"190\" src=\"https:\/\/escoladailha.com.br\/portal\/wp-content\/uploads\/2024\/07\/42.As-tartarugas-ninja-denunciam-a-crise-climatica-1-480x380.jpg\" class=\"attachment-carousel size-carousel\" alt=\"\" srcset=\"https:\/\/escoladailha.com.br\/portal\/wp-content\/uploads\/2024\/07\/42.As-tartarugas-ninja-denunciam-a-crise-climatica-1-480x380.jpg 480w, https:\/\/escoladailha.com.br\/portal\/wp-content\/uploads\/2024\/07\/42.As-tartarugas-ninja-denunciam-a-crise-climatica-1-232x184.jpg 232w\" sizes=\"auto, (max-width: 480px) 100vw, 480px\" \/><\/a>\n\t\t \t<\/div><\/div><\/div><div class='gallery-item' item_id='34388'><div class='gallery-item-inner'>\n\t\t\t<div class='gallery-icon landscape'>\n\t\t \t\t<a href=\"https:\/\/escoladailha.com.br\/portal\/wp-content\/uploads\/2024\/07\/42.As-tartarugas-ninja-denunciam-a-crise-climatica-8-2010x1131.jpg\"><img loading=\"lazy\" decoding=\"async\" width=\"240\" height=\"190\" src=\"https:\/\/escoladailha.com.br\/portal\/wp-content\/uploads\/2024\/07\/42.As-tartarugas-ninja-denunciam-a-crise-climatica-8-480x380.jpg\" class=\"attachment-carousel size-carousel\" alt=\"\" srcset=\"https:\/\/escoladailha.com.br\/portal\/wp-content\/uploads\/2024\/07\/42.As-tartarugas-ninja-denunciam-a-crise-climatica-8-480x380.jpg 480w, https:\/\/escoladailha.com.br\/portal\/wp-content\/uploads\/2024\/07\/42.As-tartarugas-ninja-denunciam-a-crise-climatica-8-232x184.jpg 232w\" sizes=\"auto, (max-width: 480px) 100vw, 480px\" \/><\/a>\n\t\t \t<\/div><\/div><\/div><div class='gallery-item' item_id='34387'><div class='gallery-item-inner'>\n\t\t\t<div class='gallery-icon landscape'>\n\t\t \t\t<a href=\"https:\/\/escoladailha.com.br\/portal\/wp-content\/uploads\/2024\/07\/42.A-quimica-e-os-costeticos-11-2010x1131.jpg\"><img loading=\"lazy\" decoding=\"async\" width=\"240\" height=\"190\" src=\"https:\/\/escoladailha.com.br\/portal\/wp-content\/uploads\/2024\/07\/42.A-quimica-e-os-costeticos-11-480x380.jpg\" class=\"attachment-carousel size-carousel\" alt=\"\" srcset=\"https:\/\/escoladailha.com.br\/portal\/wp-content\/uploads\/2024\/07\/42.A-quimica-e-os-costeticos-11-480x380.jpg 480w, https:\/\/escoladailha.com.br\/portal\/wp-content\/uploads\/2024\/07\/42.A-quimica-e-os-costeticos-11-232x184.jpg 232w\" sizes=\"auto, (max-width: 480px) 100vw, 480px\" \/><\/a>\n\t\t \t<\/div><\/div><\/div><div class='gallery-item' item_id='34386'><div class='gallery-item-inner'>\n\t\t\t<div class='gallery-icon portrait'>\n\t\t \t\t<a href=\"https:\/\/escoladailha.com.br\/portal\/wp-content\/uploads\/2024\/07\/42.A-quimica-e-os-costeticos-10-1131x2010.jpg\"><img loading=\"lazy\" decoding=\"async\" width=\"240\" height=\"190\" src=\"https:\/\/escoladailha.com.br\/portal\/wp-content\/uploads\/2024\/07\/42.A-quimica-e-os-costeticos-10-480x380.jpg\" class=\"attachment-carousel size-carousel\" alt=\"\" srcset=\"https:\/\/escoladailha.com.br\/portal\/wp-content\/uploads\/2024\/07\/42.A-quimica-e-os-costeticos-10-480x380.jpg 480w, https:\/\/escoladailha.com.br\/portal\/wp-content\/uploads\/2024\/07\/42.A-quimica-e-os-costeticos-10-232x184.jpg 232w\" sizes=\"auto, (max-width: 480px) 100vw, 480px\" \/><\/a>\n\t\t \t<\/div><\/div><\/div><div class='gallery-item' item_id='34385'><div class='gallery-item-inner'>\n\t\t\t<div class='gallery-icon portrait'>\n\t\t \t\t<a href=\"https:\/\/escoladailha.com.br\/portal\/wp-content\/uploads\/2024\/07\/42.A-quimica-e-os-costeticos-09-1131x2010.jpg\"><img loading=\"lazy\" decoding=\"async\" width=\"240\" height=\"190\" src=\"https:\/\/escoladailha.com.br\/portal\/wp-content\/uploads\/2024\/07\/42.A-quimica-e-os-costeticos-09-480x380.jpg\" class=\"attachment-carousel size-carousel\" alt=\"\" srcset=\"https:\/\/escoladailha.com.br\/portal\/wp-content\/uploads\/2024\/07\/42.A-quimica-e-os-costeticos-09-480x380.jpg 480w, https:\/\/escoladailha.com.br\/portal\/wp-content\/uploads\/2024\/07\/42.A-quimica-e-os-costeticos-09-232x184.jpg 232w\" sizes=\"auto, (max-width: 480px) 100vw, 480px\" \/><\/a>\n\t\t \t<\/div><\/div><\/div><div class='gallery-item' item_id='34383'><div class='gallery-item-inner'>\n\t\t\t<div class='gallery-icon portrait'>\n\t\t \t\t<a href=\"https:\/\/escoladailha.com.br\/portal\/wp-content\/uploads\/2024\/07\/42.A-quimica-e-os-costeticos-07-1131x2010.jpg\"><img loading=\"lazy\" decoding=\"async\" width=\"240\" height=\"190\" src=\"https:\/\/escoladailha.com.br\/portal\/wp-content\/uploads\/2024\/07\/42.A-quimica-e-os-costeticos-07-480x380.jpg\" class=\"attachment-carousel size-carousel\" alt=\"\" srcset=\"https:\/\/escoladailha.com.br\/portal\/wp-content\/uploads\/2024\/07\/42.A-quimica-e-os-costeticos-07-480x380.jpg 480w, https:\/\/escoladailha.com.br\/portal\/wp-content\/uploads\/2024\/07\/42.A-quimica-e-os-costeticos-07-232x184.jpg 232w\" sizes=\"auto, (max-width: 480px) 100vw, 480px\" \/><\/a>\n\t\t \t<\/div><\/div><\/div><div class='gallery-item' item_id='34381'><div class='gallery-item-inner'>\n\t\t\t<div class='gallery-icon portrait'>\n\t\t \t\t<a href=\"https:\/\/escoladailha.com.br\/portal\/wp-content\/uploads\/2024\/07\/42.A-quimica-e-os-costeticos-05-1131x2010.jpg\"><img loading=\"lazy\" decoding=\"async\" width=\"240\" height=\"190\" src=\"https:\/\/escoladailha.com.br\/portal\/wp-content\/uploads\/2024\/07\/42.A-quimica-e-os-costeticos-05-480x380.jpg\" class=\"attachment-carousel size-carousel\" alt=\"\" srcset=\"https:\/\/escoladailha.com.br\/portal\/wp-content\/uploads\/2024\/07\/42.A-quimica-e-os-costeticos-05-480x380.jpg 480w, https:\/\/escoladailha.com.br\/portal\/wp-content\/uploads\/2024\/07\/42.A-quimica-e-os-costeticos-05-232x184.jpg 232w\" sizes=\"auto, (max-width: 480px) 100vw, 480px\" \/><\/a>\n\t\t \t<\/div><\/div><\/div><div class='gallery-item' item_id='34379'><div class='gallery-item-inner'>\n\t\t\t<div class='gallery-icon landscape'>\n\t\t \t\t<a href=\"https:\/\/escoladailha.com.br\/portal\/wp-content\/uploads\/2024\/07\/42.A-quimica-e-os-costeticos-03-2010x1131.jpg\"><img loading=\"lazy\" decoding=\"async\" width=\"240\" height=\"190\" src=\"https:\/\/escoladailha.com.br\/portal\/wp-content\/uploads\/2024\/07\/42.A-quimica-e-os-costeticos-03-480x380.jpg\" class=\"attachment-carousel size-carousel\" alt=\"\" srcset=\"https:\/\/escoladailha.com.br\/portal\/wp-content\/uploads\/2024\/07\/42.A-quimica-e-os-costeticos-03-480x380.jpg 480w, https:\/\/escoladailha.com.br\/portal\/wp-content\/uploads\/2024\/07\/42.A-quimica-e-os-costeticos-03-232x184.jpg 232w\" sizes=\"auto, (max-width: 480px) 100vw, 480px\" \/><\/a>\n\t\t \t<\/div><\/div><\/div><div class='gallery-item' item_id='34378'><div class='gallery-item-inner'>\n\t\t\t<div class='gallery-icon landscape'>\n\t\t \t\t<a href=\"https:\/\/escoladailha.com.br\/portal\/wp-content\/uploads\/2024\/07\/42.A-quimica-e-os-costeticos-02-2010x1131.jpg\"><img loading=\"lazy\" decoding=\"async\" width=\"240\" height=\"190\" src=\"https:\/\/escoladailha.com.br\/portal\/wp-content\/uploads\/2024\/07\/42.A-quimica-e-os-costeticos-02-480x380.jpg\" class=\"attachment-carousel size-carousel\" alt=\"\" srcset=\"https:\/\/escoladailha.com.br\/portal\/wp-content\/uploads\/2024\/07\/42.A-quimica-e-os-costeticos-02-480x380.jpg 480w, https:\/\/escoladailha.com.br\/portal\/wp-content\/uploads\/2024\/07\/42.A-quimica-e-os-costeticos-02-232x184.jpg 232w\" sizes=\"auto, (max-width: 480px) 100vw, 480px\" \/><\/a>\n\t\t \t<\/div><\/div><\/div><\/div><div style=\"clear: both\"><\/div><img loading=\"lazy\" decoding=\"async\" src=\"https:\/\/escoladailha.com.br\/portal\/wp-content\/plugins\/ei-galerias-da-ilha\/images\/gallery_prev.png\" width=\"16\" height=\"30\" class=\"gallery-prev\"><img loading=\"lazy\" decoding=\"async\" src=\"https:\/\/escoladailha.com.br\/portal\/wp-content\/plugins\/ei-galerias-da-ilha\/images\/gallery_next.png\" width=\"16\" height=\"30\" class=\"gallery-next\"><\/div>\n\t\t<\/div>\n\n<\/div><\/section><\/div>\n<div class=\"flex_column av_two_third  flex_column_div av-zero-column-padding first  avia-builder-el-3  el_after_av_one_full  el_before_av_comments_list  column-top-margin\" style='border-radius:0px; '><section class=\"av_textblock_section \"  itemscope=\"itemscope\" itemtype=\"https:\/\/schema.org\/BlogPosting\" itemprop=\"blogPost\" ><div class='avia_textblock  '   itemprop=\"text\" ><p>Reflex\u00f5es e experi\u00eancias inusitadas foram vividas no segundo dia de programa\u00e7\u00e3o do Encontr\u00e3o Cultural da Escola da Ilha de 2024. Do 6\u00ba ano \u00e0 2\u00aa s\u00e9rie do Ensino M\u00e9dio, os alunos se tornaram professores para apresentar suas recentes descobertas de forma criativa e in\u00e9dita. Das tartarugas ninja denunciando a crise clim\u00e1tica at\u00e9 cord\u00e9is latinoamericanos, voc\u00ea pode conferir as fotos e v\u00eddeos nas seguintes galerias:<\/p>\n<p><a href=\"https:\/\/escoladailha.com.br\/portal\/portfolio-item\/as-tartarugas-ninja-denunciam-a-crise-climatica-encontrao-cultural\/\" target=\"_blank\" rel=\"noopener\">As tartarugas ninja denunciam a crise clim\u00e1tica<\/a>: uma pe\u00e7a teatral sobre a quest\u00e3o do lixo;<\/p>\n<p><a href=\"https:\/\/escoladailha.com.br\/portal\/portfolio-item\/banda-escolar-toca-parodia-sobre-a-puberdade-encontrao-cultural\/\">Banda escolar toca par\u00f3dia sobre a puberdade<\/a>: a aula de Biologia foi um show;<\/p>\n<p><a href=\"https:\/\/escoladailha.com.br\/portal\/portfolio-item\/a-quimica-e-os-cosmeticos-encontrao-cultural\/\">A Qu\u00edmica e os cosm\u00e9ticos<\/a>: durante o itiner\u00e1rio de Qu\u00edmica foram feitos alguns cosm\u00e9ticos para conhecer mais profundamente seus componentes;<\/p>\n<p><a href=\"https:\/\/escoladailha.com.br\/portal\/portfolio-item\/jogos-e-desafios-de-logica-encontrao-cultural\/\">Jogos e desafios de l\u00f3gica<\/a>: divers\u00e3o e a m\u00e1gica das opera\u00e7\u00f5es matem\u00e1tica;<\/p>\n<p><a href=\"https:\/\/escoladailha.com.br\/portal\/portfolio-item\/labirinto-sensorial-deixa-os-olhos-a-flor-da-pele-encontrao-cultural\/\">Labirinto sensorial deixa os olhos \u00e0 flor da pele<\/a>: os visitantes tiveram a experi\u00eancia sensitivas dos 4 sentidos que restam quando se \u00e9 tirada a vis\u00e3o;<\/p>\n<p><a href=\"https:\/\/escoladailha.com.br\/portal\/portfolio-item\/o-jogo-da-vida-encontrao-cultural\/\">O jogo da vida<\/a>: escolha uma classe social e jogue o jogo da vida na hist\u00f3ria do Brasil;<\/p>\n<p><a href=\"https:\/\/escoladailha.com.br\/portal\/portfolio-item\/o-tunel-vida-encontrao-cultural\/\">O t\u00fanel Vida<\/a>: conhe\u00e7a as etapas da gesta\u00e7\u00e3o atrav\u00e9s de um t\u00fanel;<\/p>\n<p><a href=\"https:\/\/escoladailha.com.br\/portal\/portfolio-item\/para-onde-vai-nosso-lixo-encontrao-cultural\/\">Para onde vai nosso lixo?<\/a>: entenda os impactos do lixo no mar;<\/p>\n<p><a href=\"https:\/\/escoladailha.com.br\/portal\/portfolio-item\/pixel-art-encontrao-cultural\/\">Pixel Art<\/a>: exposi\u00e7\u00e3o art\u00edstica em 8 bits;<\/p>\n<p><a href=\"https:\/\/escoladailha.com.br\/portal\/portfolio-item\/pontes-indestrutiveis-encontrao-cultural\/\">Pontes indestrut\u00edveis<\/a>: usando os conhecimentos f\u00edsicos \u00e9 poss\u00edvel aumentar a resist\u00eancia de pontes feitas de palitos de madeira;<\/p>\n<p><a href=\"https:\/\/escoladailha.com.br\/portal\/portfolio-item\/pontes-para-a-vida-encontrao-cultural\/\">Pontes para a vida<\/a>: O acolhimento de migrantes e refugiados;<\/p>\n<p><a href=\"https:\/\/escoladailha.com.br\/portal\/portfolio-item\/pontes-para-a-vida-encontrao-cultural\/\">Transi\u00e7\u00e3o demogr\u00e1fica e o envelhecimento<\/a>: usando Intelig\u00eancia Artificial os jovens se viram velhos para, com suas pr\u00f3prias m\u00e3os, redigirem hist\u00f3rias fant\u00e1sticas;<\/p>\n<p><a href=\"https:\/\/escoladailha.com.br\/portal\/portfolio-item\/uma-historia-da-loucura-encontrao-cultural\/\">Uma hist\u00f3ria da loucura<\/a>: estudo em literatura sobre o livro \u201cO dia do Curinga\u201d de Jostein Gaarder;<\/p>\n<p><a href=\"https:\/\/escoladailha.com.br\/portal\/portfolio-item\/museu-de-filosofia-encontrao-cultural\/\">Museu de Filosofia<\/a>: Onde se questiona para compreender, entre outras coisas, a intelig\u00eancia emocional;<\/p>\n<p><a href=\"https:\/\/escoladailha.com.br\/portal\/portfolio-item\/cordel-latino-encontrao-cultural-2024-2\/\">Cordel Latino<\/a>: os varais po\u00e9ticos e nordestinos re\u00fanem da Am\u00e9rica \u00e0 Espanha lendas e profiss\u00f5es.<\/p>\n<\/div><\/section><\/div><div  class='av-buildercomment  av-blog-meta-author-disabled av-blog-meta-comments-disabled av-blog-meta-category-disabled av-blog-meta-date-disabled av-blog-meta-html-info-disabled av-blog-meta-tag-disabled  '><\/div><\/p>\n","protected":false},"excerpt":{"rendered":"","protected":false},"author":3651,"featured_media":34563,"comment_status":"open","ping_status":"closed","sticky":false,"template":"","format":"standard","meta":{"_acf_changed":false,"_monsterinsights_skip_tracking":false,"_monsterinsights_sitenote_active":false,"_monsterinsights_sitenote_note":"","_monsterinsights_sitenote_category":0,"footnotes":""},"categories":[204],"tags":[1152,1134,993,511,230,190],"class_list":["post-34527","post","type-post","status-publish","format-standard","has-post-thumbnail","hentry","category-eventos","tag-feira","tag-1134","tag-ciencia","tag-arte","tag-encontrao","tag-cultura"],"acf":[],"_links":{"self":[{"href":"https:\/\/escoladailha.com.br\/portal\/wp-json\/wp\/v2\/posts\/34527","targetHints":{"allow":["GET"]}}],"collection":[{"href":"https:\/\/escoladailha.com.br\/portal\/wp-json\/wp\/v2\/posts"}],"about":[{"href":"https:\/\/escoladailha.com.br\/portal\/wp-json\/wp\/v2\/types\/post"}],"author":[{"embeddable":true,"href":"https:\/\/escoladailha.com.br\/portal\/wp-json\/wp\/v2\/users\/3651"}],"replies":[{"embeddable":true,"href":"https:\/\/escoladailha.com.br\/portal\/wp-json\/wp\/v2\/comments?post=34527"}],"version-history":[{"count":4,"href":"https:\/\/escoladailha.com.br\/portal\/wp-json\/wp\/v2\/posts\/34527\/revisions"}],"predecessor-version":[{"id":34585,"href":"https:\/\/escoladailha.com.br\/portal\/wp-json\/wp\/v2\/posts\/34527\/revisions\/34585"}],"wp:featuredmedia":[{"embeddable":true,"href":"https:\/\/escoladailha.com.br\/portal\/wp-json\/wp\/v2\/media\/34563"}],"wp:attachment":[{"href":"https:\/\/escoladailha.com.br\/portal\/wp-json\/wp\/v2\/media?parent=34527"}],"wp:term":[{"taxonomy":"category","embeddable":true,"href":"https:\/\/escoladailha.com.br\/portal\/wp-json\/wp\/v2\/categories?post=34527"},{"taxonomy":"post_tag","embeddable":true,"href":"https:\/\/escoladailha.com.br\/portal\/wp-json\/wp\/v2\/tags?post=34527"}],"curies":[{"name":"wp","href":"https:\/\/api.w.org\/{rel}","templated":true}]}}