{"id":32001,"date":"2023-06-30T17:24:27","date_gmt":"2023-06-30T20:24:27","guid":{"rendered":"https:\/\/escoladailha.com.br\/portal\/?p=32001"},"modified":"2023-06-30T17:26:43","modified_gmt":"2023-06-30T20:26:43","slug":"a-festa-junina-foi-um-sucesso","status":"publish","type":"post","link":"https:\/\/escoladailha.com.br\/portal\/a-festa-junina-foi-um-sucesso\/","title":{"rendered":"A festa junina foi um sucesso!"},"content":{"rendered":"<header class=\"entry-content-header\">A festa junina foi um sucesso!<span class='post-meta-infos'><time class=\"date-container minor-meta updated\"  itemprop=\"datePublished\" datetime=\"2023-06-30T17:24:27-03:00\" >30\/06\/2023<\/time><\/span><\/header>\n<div class=\"flex_column av_one_full  flex_column_div av-zero-column-padding first  avia-builder-el-1  el_after_av_post_meta  el_before_av_two_third  \" style='border-radius:0px; '><section class=\"av_textblock_section \"  itemscope=\"itemscope\" itemtype=\"https:\/\/schema.org\/BlogPosting\" itemprop=\"blogPost\" ><div class='avia_textblock  '   itemprop=\"text\" ><div id='gallery-1' class='gallery galleryid-32001 gallery-columns-3 gallery-size-carousel'><div class=\"carousel_wrap isotope\"><div class=\"carousel_inner\"><div class='gallery-item' item_id='31849'><div class='gallery-item-inner'>\n\t\t\t<div class='gallery-icon portrait'>\n\t\t \t\t<a href=\"https:\/\/escoladailha.com.br\/portal\/wp-content\/uploads\/2023\/06\/Festa-junina-vem-ai-97-1284x2010.jpg\"><img loading=\"lazy\" decoding=\"async\" width=\"240\" height=\"190\" src=\"https:\/\/escoladailha.com.br\/portal\/wp-content\/uploads\/2023\/06\/Festa-junina-vem-ai-97-480x380.jpg\" class=\"attachment-carousel size-carousel\" alt=\"\" srcset=\"https:\/\/escoladailha.com.br\/portal\/wp-content\/uploads\/2023\/06\/Festa-junina-vem-ai-97-480x380.jpg 480w, https:\/\/escoladailha.com.br\/portal\/wp-content\/uploads\/2023\/06\/Festa-junina-vem-ai-97-232x184.jpg 232w\" sizes=\"auto, (max-width: 480px) 100vw, 480px\" \/><\/a>\n\t\t \t<\/div><\/div><\/div><div class='gallery-item' item_id='31825'><div class='gallery-item-inner'>\n\t\t\t<div class='gallery-icon landscape'>\n\t\t \t\t<a href=\"https:\/\/escoladailha.com.br\/portal\/wp-content\/uploads\/2023\/06\/Festa-junina-vem-ai-73-2010x1340.jpg\"><img loading=\"lazy\" decoding=\"async\" width=\"240\" height=\"190\" src=\"https:\/\/escoladailha.com.br\/portal\/wp-content\/uploads\/2023\/06\/Festa-junina-vem-ai-73-480x380.jpg\" class=\"attachment-carousel size-carousel\" alt=\"\" srcset=\"https:\/\/escoladailha.com.br\/portal\/wp-content\/uploads\/2023\/06\/Festa-junina-vem-ai-73-480x380.jpg 480w, https:\/\/escoladailha.com.br\/portal\/wp-content\/uploads\/2023\/06\/Festa-junina-vem-ai-73-232x184.jpg 232w\" sizes=\"auto, (max-width: 480px) 100vw, 480px\" \/><\/a>\n\t\t \t<\/div><\/div><\/div><div class='gallery-item' item_id='31889'><div class='gallery-item-inner'>\n\t\t\t<div class='gallery-icon landscape'>\n\t\t \t\t<a href=\"https:\/\/escoladailha.com.br\/portal\/wp-content\/uploads\/2023\/06\/Festa-junina-vem-ai-24-2010x1340.jpg\"><img loading=\"lazy\" decoding=\"async\" width=\"240\" height=\"190\" src=\"https:\/\/escoladailha.com.br\/portal\/wp-content\/uploads\/2023\/06\/Festa-junina-vem-ai-24-480x380.jpg\" class=\"attachment-carousel size-carousel\" alt=\"\" srcset=\"https:\/\/escoladailha.com.br\/portal\/wp-content\/uploads\/2023\/06\/Festa-junina-vem-ai-24-480x380.jpg 480w, https:\/\/escoladailha.com.br\/portal\/wp-content\/uploads\/2023\/06\/Festa-junina-vem-ai-24-232x184.jpg 232w\" sizes=\"auto, (max-width: 480px) 100vw, 480px\" \/><\/a>\n\t\t \t<\/div><\/div><\/div><div class='gallery-item' item_id='31869'><div class='gallery-item-inner'>\n\t\t\t<div class='gallery-icon landscape'>\n\t\t \t\t<a href=\"https:\/\/escoladailha.com.br\/portal\/wp-content\/uploads\/2023\/06\/Festa-junina-vem-ai-5-1-2010x1292.jpg\"><img loading=\"lazy\" decoding=\"async\" width=\"240\" height=\"190\" src=\"https:\/\/escoladailha.com.br\/portal\/wp-content\/uploads\/2023\/06\/Festa-junina-vem-ai-5-1-480x380.jpg\" class=\"attachment-carousel size-carousel\" alt=\"\" srcset=\"https:\/\/escoladailha.com.br\/portal\/wp-content\/uploads\/2023\/06\/Festa-junina-vem-ai-5-1-480x380.jpg 480w, https:\/\/escoladailha.com.br\/portal\/wp-content\/uploads\/2023\/06\/Festa-junina-vem-ai-5-1-232x184.jpg 232w\" sizes=\"auto, (max-width: 480px) 100vw, 480px\" \/><\/a>\n\t\t \t<\/div><\/div><\/div><div class='gallery-item' item_id='31911'><div class='gallery-item-inner'>\n\t\t\t<div class='gallery-icon landscape'>\n\t\t \t\t<a href=\"https:\/\/escoladailha.com.br\/portal\/wp-content\/uploads\/2023\/06\/Festa-junina-vem-ai-44-2010x1247.jpg\"><img loading=\"lazy\" decoding=\"async\" width=\"240\" height=\"190\" src=\"https:\/\/escoladailha.com.br\/portal\/wp-content\/uploads\/2023\/06\/Festa-junina-vem-ai-44-480x380.jpg\" class=\"attachment-carousel size-carousel\" alt=\"\" srcset=\"https:\/\/escoladailha.com.br\/portal\/wp-content\/uploads\/2023\/06\/Festa-junina-vem-ai-44-480x380.jpg 480w, https:\/\/escoladailha.com.br\/portal\/wp-content\/uploads\/2023\/06\/Festa-junina-vem-ai-44-232x184.jpg 232w\" sizes=\"auto, (max-width: 480px) 100vw, 480px\" \/><\/a>\n\t\t \t<\/div><\/div><\/div><div class='gallery-item' item_id='31910'><div class='gallery-item-inner'>\n\t\t\t<div class='gallery-icon landscape'>\n\t\t \t\t<a href=\"https:\/\/escoladailha.com.br\/portal\/wp-content\/uploads\/2023\/06\/Festa-junina-vem-ai-43-2010x1328.jpg\"><img loading=\"lazy\" decoding=\"async\" width=\"240\" height=\"190\" src=\"https:\/\/escoladailha.com.br\/portal\/wp-content\/uploads\/2023\/06\/Festa-junina-vem-ai-43-480x380.jpg\" class=\"attachment-carousel size-carousel\" alt=\"\" srcset=\"https:\/\/escoladailha.com.br\/portal\/wp-content\/uploads\/2023\/06\/Festa-junina-vem-ai-43-480x380.jpg 480w, https:\/\/escoladailha.com.br\/portal\/wp-content\/uploads\/2023\/06\/Festa-junina-vem-ai-43-232x184.jpg 232w\" sizes=\"auto, (max-width: 480px) 100vw, 480px\" \/><\/a>\n\t\t \t<\/div><\/div><\/div><div class='gallery-item' item_id='31909'><div class='gallery-item-inner'>\n\t\t\t<div class='gallery-icon landscape'>\n\t\t \t\t<a href=\"https:\/\/escoladailha.com.br\/portal\/wp-content\/uploads\/2023\/06\/Festa-junina-vem-ai-42-2010x1291.jpg\"><img loading=\"lazy\" decoding=\"async\" width=\"240\" height=\"190\" src=\"https:\/\/escoladailha.com.br\/portal\/wp-content\/uploads\/2023\/06\/Festa-junina-vem-ai-42-480x380.jpg\" class=\"attachment-carousel size-carousel\" alt=\"\" srcset=\"https:\/\/escoladailha.com.br\/portal\/wp-content\/uploads\/2023\/06\/Festa-junina-vem-ai-42-480x380.jpg 480w, https:\/\/escoladailha.com.br\/portal\/wp-content\/uploads\/2023\/06\/Festa-junina-vem-ai-42-232x184.jpg 232w\" sizes=\"auto, (max-width: 480px) 100vw, 480px\" \/><\/a>\n\t\t \t<\/div><\/div><\/div><div class='gallery-item' item_id='31908'><div class='gallery-item-inner'>\n\t\t\t<div class='gallery-icon landscape'>\n\t\t \t\t<a href=\"https:\/\/escoladailha.com.br\/portal\/wp-content\/uploads\/2023\/06\/Festa-junina-vem-ai-41-2010x1242.jpg\"><img loading=\"lazy\" decoding=\"async\" width=\"240\" height=\"190\" src=\"https:\/\/escoladailha.com.br\/portal\/wp-content\/uploads\/2023\/06\/Festa-junina-vem-ai-41-480x380.jpg\" class=\"attachment-carousel size-carousel\" alt=\"\" srcset=\"https:\/\/escoladailha.com.br\/portal\/wp-content\/uploads\/2023\/06\/Festa-junina-vem-ai-41-480x380.jpg 480w, https:\/\/escoladailha.com.br\/portal\/wp-content\/uploads\/2023\/06\/Festa-junina-vem-ai-41-232x184.jpg 232w\" sizes=\"auto, (max-width: 480px) 100vw, 480px\" \/><\/a>\n\t\t \t<\/div><\/div><\/div><div class='gallery-item' item_id='31907'><div class='gallery-item-inner'>\n\t\t\t<div class='gallery-icon landscape'>\n\t\t \t\t<a href=\"https:\/\/escoladailha.com.br\/portal\/wp-content\/uploads\/2023\/06\/Festa-junina-vem-ai-40-2010x1273.jpg\"><img loading=\"lazy\" decoding=\"async\" width=\"240\" height=\"190\" src=\"https:\/\/escoladailha.com.br\/portal\/wp-content\/uploads\/2023\/06\/Festa-junina-vem-ai-40-480x380.jpg\" class=\"attachment-carousel size-carousel\" alt=\"\" srcset=\"https:\/\/escoladailha.com.br\/portal\/wp-content\/uploads\/2023\/06\/Festa-junina-vem-ai-40-480x380.jpg 480w, https:\/\/escoladailha.com.br\/portal\/wp-content\/uploads\/2023\/06\/Festa-junina-vem-ai-40-232x184.jpg 232w\" sizes=\"auto, (max-width: 480px) 100vw, 480px\" \/><\/a>\n\t\t \t<\/div><\/div><\/div><div class='gallery-item' item_id='31905'><div class='gallery-item-inner'>\n\t\t\t<div class='gallery-icon landscape'>\n\t\t \t\t<a href=\"https:\/\/escoladailha.com.br\/portal\/wp-content\/uploads\/2023\/06\/Festa-junina-vem-ai-38-2010x1290.jpg\"><img loading=\"lazy\" decoding=\"async\" width=\"240\" height=\"190\" src=\"https:\/\/escoladailha.com.br\/portal\/wp-content\/uploads\/2023\/06\/Festa-junina-vem-ai-38-480x380.jpg\" class=\"attachment-carousel size-carousel\" alt=\"\" srcset=\"https:\/\/escoladailha.com.br\/portal\/wp-content\/uploads\/2023\/06\/Festa-junina-vem-ai-38-480x380.jpg 480w, https:\/\/escoladailha.com.br\/portal\/wp-content\/uploads\/2023\/06\/Festa-junina-vem-ai-38-232x184.jpg 232w\" sizes=\"auto, (max-width: 480px) 100vw, 480px\" \/><\/a>\n\t\t \t<\/div><\/div><\/div><div class='gallery-item' item_id='31904'><div class='gallery-item-inner'>\n\t\t\t<div class='gallery-icon landscape'>\n\t\t \t\t<a href=\"https:\/\/escoladailha.com.br\/portal\/wp-content\/uploads\/2023\/06\/Festa-junina-vem-ai-37-2010x1421.jpg\"><img loading=\"lazy\" decoding=\"async\" width=\"240\" height=\"190\" src=\"https:\/\/escoladailha.com.br\/portal\/wp-content\/uploads\/2023\/06\/Festa-junina-vem-ai-37-480x380.jpg\" class=\"attachment-carousel size-carousel\" alt=\"\" srcset=\"https:\/\/escoladailha.com.br\/portal\/wp-content\/uploads\/2023\/06\/Festa-junina-vem-ai-37-480x380.jpg 480w, https:\/\/escoladailha.com.br\/portal\/wp-content\/uploads\/2023\/06\/Festa-junina-vem-ai-37-232x184.jpg 232w\" sizes=\"auto, (max-width: 480px) 100vw, 480px\" \/><\/a>\n\t\t \t<\/div><\/div><\/div><div class='gallery-item' item_id='31899'><div class='gallery-item-inner'>\n\t\t\t<div class='gallery-icon landscape'>\n\t\t \t\t<a href=\"https:\/\/escoladailha.com.br\/portal\/wp-content\/uploads\/2023\/06\/Festa-junina-vem-ai-33-2010x1130.jpg\"><img loading=\"lazy\" decoding=\"async\" width=\"240\" height=\"190\" src=\"https:\/\/escoladailha.com.br\/portal\/wp-content\/uploads\/2023\/06\/Festa-junina-vem-ai-33-480x380.jpg\" class=\"attachment-carousel size-carousel\" alt=\"\" srcset=\"https:\/\/escoladailha.com.br\/portal\/wp-content\/uploads\/2023\/06\/Festa-junina-vem-ai-33-480x380.jpg 480w, https:\/\/escoladailha.com.br\/portal\/wp-content\/uploads\/2023\/06\/Festa-junina-vem-ai-33-232x184.jpg 232w\" sizes=\"auto, (max-width: 480px) 100vw, 480px\" \/><\/a>\n\t\t \t<\/div><\/div><\/div><div class='gallery-item' item_id='31896'><div class='gallery-item-inner'>\n\t\t\t<div class='gallery-icon landscape'>\n\t\t \t\t<a href=\"https:\/\/escoladailha.com.br\/portal\/wp-content\/uploads\/2023\/06\/Festa-junina-vem-ai-30-2010x1352.jpg\"><img loading=\"lazy\" decoding=\"async\" width=\"240\" height=\"190\" src=\"https:\/\/escoladailha.com.br\/portal\/wp-content\/uploads\/2023\/06\/Festa-junina-vem-ai-30-480x380.jpg\" class=\"attachment-carousel size-carousel\" alt=\"\" srcset=\"https:\/\/escoladailha.com.br\/portal\/wp-content\/uploads\/2023\/06\/Festa-junina-vem-ai-30-480x380.jpg 480w, https:\/\/escoladailha.com.br\/portal\/wp-content\/uploads\/2023\/06\/Festa-junina-vem-ai-30-232x184.jpg 232w\" sizes=\"auto, (max-width: 480px) 100vw, 480px\" \/><\/a>\n\t\t \t<\/div><\/div><\/div><div class='gallery-item' item_id='31893'><div class='gallery-item-inner'>\n\t\t\t<div class='gallery-icon landscape'>\n\t\t \t\t<a href=\"https:\/\/escoladailha.com.br\/portal\/wp-content\/uploads\/2023\/06\/Festa-junina-vem-ai-28-2010x1361.jpg\"><img loading=\"lazy\" decoding=\"async\" width=\"240\" height=\"190\" src=\"https:\/\/escoladailha.com.br\/portal\/wp-content\/uploads\/2023\/06\/Festa-junina-vem-ai-28-480x380.jpg\" class=\"attachment-carousel size-carousel\" alt=\"\" srcset=\"https:\/\/escoladailha.com.br\/portal\/wp-content\/uploads\/2023\/06\/Festa-junina-vem-ai-28-480x380.jpg 480w, https:\/\/escoladailha.com.br\/portal\/wp-content\/uploads\/2023\/06\/Festa-junina-vem-ai-28-232x184.jpg 232w\" sizes=\"auto, (max-width: 480px) 100vw, 480px\" \/><\/a>\n\t\t \t<\/div><\/div><\/div><div class='gallery-item' item_id='31891'><div class='gallery-item-inner'>\n\t\t\t<div class='gallery-icon portrait'>\n\t\t \t\t<a href=\"https:\/\/escoladailha.com.br\/portal\/wp-content\/uploads\/2023\/06\/Festa-junina-vem-ai-26-1340x2010.jpg\"><img loading=\"lazy\" decoding=\"async\" width=\"240\" height=\"190\" src=\"https:\/\/escoladailha.com.br\/portal\/wp-content\/uploads\/2023\/06\/Festa-junina-vem-ai-26-480x380.jpg\" class=\"attachment-carousel size-carousel\" alt=\"\" srcset=\"https:\/\/escoladailha.com.br\/portal\/wp-content\/uploads\/2023\/06\/Festa-junina-vem-ai-26-480x380.jpg 480w, https:\/\/escoladailha.com.br\/portal\/wp-content\/uploads\/2023\/06\/Festa-junina-vem-ai-26-232x184.jpg 232w\" sizes=\"auto, (max-width: 480px) 100vw, 480px\" \/><\/a>\n\t\t \t<\/div><\/div><\/div><div class='gallery-item' item_id='31886'><div class='gallery-item-inner'>\n\t\t\t<div class='gallery-icon landscape'>\n\t\t \t\t<a href=\"https:\/\/escoladailha.com.br\/portal\/wp-content\/uploads\/2023\/06\/Festa-junina-vem-ai-21-2010x1205.jpg\"><img loading=\"lazy\" decoding=\"async\" width=\"240\" height=\"190\" src=\"https:\/\/escoladailha.com.br\/portal\/wp-content\/uploads\/2023\/06\/Festa-junina-vem-ai-21-480x380.jpg\" class=\"attachment-carousel size-carousel\" alt=\"\" srcset=\"https:\/\/escoladailha.com.br\/portal\/wp-content\/uploads\/2023\/06\/Festa-junina-vem-ai-21-480x380.jpg 480w, https:\/\/escoladailha.com.br\/portal\/wp-content\/uploads\/2023\/06\/Festa-junina-vem-ai-21-232x184.jpg 232w\" sizes=\"auto, (max-width: 480px) 100vw, 480px\" \/><\/a>\n\t\t \t<\/div><\/div><\/div><div class='gallery-item' item_id='31883'><div class='gallery-item-inner'>\n\t\t\t<div class='gallery-icon landscape'>\n\t\t \t\t<a href=\"https:\/\/escoladailha.com.br\/portal\/wp-content\/uploads\/2023\/06\/Festa-junina-vem-ai-18-2010x1340.jpg\"><img loading=\"lazy\" decoding=\"async\" width=\"240\" height=\"190\" src=\"https:\/\/escoladailha.com.br\/portal\/wp-content\/uploads\/2023\/06\/Festa-junina-vem-ai-18-480x380.jpg\" class=\"attachment-carousel size-carousel\" alt=\"\" srcset=\"https:\/\/escoladailha.com.br\/portal\/wp-content\/uploads\/2023\/06\/Festa-junina-vem-ai-18-480x380.jpg 480w, https:\/\/escoladailha.com.br\/portal\/wp-content\/uploads\/2023\/06\/Festa-junina-vem-ai-18-232x184.jpg 232w\" sizes=\"auto, (max-width: 480px) 100vw, 480px\" \/><\/a>\n\t\t \t<\/div><\/div><\/div><div class='gallery-item' item_id='31882'><div class='gallery-item-inner'>\n\t\t\t<div class='gallery-icon landscape'>\n\t\t \t\t<a href=\"https:\/\/escoladailha.com.br\/portal\/wp-content\/uploads\/2023\/06\/Festa-junina-vem-ai-17-2010x1371.jpg\"><img loading=\"lazy\" decoding=\"async\" width=\"240\" height=\"190\" src=\"https:\/\/escoladailha.com.br\/portal\/wp-content\/uploads\/2023\/06\/Festa-junina-vem-ai-17-480x380.jpg\" class=\"attachment-carousel size-carousel\" alt=\"\" srcset=\"https:\/\/escoladailha.com.br\/portal\/wp-content\/uploads\/2023\/06\/Festa-junina-vem-ai-17-480x380.jpg 480w, https:\/\/escoladailha.com.br\/portal\/wp-content\/uploads\/2023\/06\/Festa-junina-vem-ai-17-232x184.jpg 232w\" sizes=\"auto, (max-width: 480px) 100vw, 480px\" \/><\/a>\n\t\t \t<\/div><\/div><\/div><div class='gallery-item' item_id='31880'><div class='gallery-item-inner'>\n\t\t\t<div class='gallery-icon landscape'>\n\t\t \t\t<a href=\"https:\/\/escoladailha.com.br\/portal\/wp-content\/uploads\/2023\/06\/Festa-junina-vem-ai-16-2010x1324.jpg\"><img loading=\"lazy\" decoding=\"async\" width=\"240\" height=\"190\" src=\"https:\/\/escoladailha.com.br\/portal\/wp-content\/uploads\/2023\/06\/Festa-junina-vem-ai-16-480x380.jpg\" class=\"attachment-carousel size-carousel\" alt=\"\" srcset=\"https:\/\/escoladailha.com.br\/portal\/wp-content\/uploads\/2023\/06\/Festa-junina-vem-ai-16-480x380.jpg 480w, https:\/\/escoladailha.com.br\/portal\/wp-content\/uploads\/2023\/06\/Festa-junina-vem-ai-16-232x184.jpg 232w\" sizes=\"auto, (max-width: 480px) 100vw, 480px\" \/><\/a>\n\t\t \t<\/div><\/div><\/div><div class='gallery-item' item_id='31876'><div class='gallery-item-inner'>\n\t\t\t<div class='gallery-icon landscape'>\n\t\t \t\t<a href=\"https:\/\/escoladailha.com.br\/portal\/wp-content\/uploads\/2023\/06\/Festa-junina-vem-ai-12-2010x1340.jpg\"><img loading=\"lazy\" decoding=\"async\" width=\"240\" height=\"190\" src=\"https:\/\/escoladailha.com.br\/portal\/wp-content\/uploads\/2023\/06\/Festa-junina-vem-ai-12-480x380.jpg\" class=\"attachment-carousel size-carousel\" alt=\"\" srcset=\"https:\/\/escoladailha.com.br\/portal\/wp-content\/uploads\/2023\/06\/Festa-junina-vem-ai-12-480x380.jpg 480w, https:\/\/escoladailha.com.br\/portal\/wp-content\/uploads\/2023\/06\/Festa-junina-vem-ai-12-232x184.jpg 232w\" sizes=\"auto, (max-width: 480px) 100vw, 480px\" \/><\/a>\n\t\t \t<\/div><\/div><\/div><div class='gallery-item' item_id='31870'><div class='gallery-item-inner'>\n\t\t\t<div class='gallery-icon landscape'>\n\t\t \t\t<a href=\"https:\/\/escoladailha.com.br\/portal\/wp-content\/uploads\/2023\/06\/Festa-junina-vem-ai-6-2010x1340.jpg\"><img loading=\"lazy\" decoding=\"async\" width=\"240\" height=\"190\" src=\"https:\/\/escoladailha.com.br\/portal\/wp-content\/uploads\/2023\/06\/Festa-junina-vem-ai-6-480x380.jpg\" class=\"attachment-carousel size-carousel\" alt=\"\" srcset=\"https:\/\/escoladailha.com.br\/portal\/wp-content\/uploads\/2023\/06\/Festa-junina-vem-ai-6-480x380.jpg 480w, https:\/\/escoladailha.com.br\/portal\/wp-content\/uploads\/2023\/06\/Festa-junina-vem-ai-6-232x184.jpg 232w\" sizes=\"auto, (max-width: 480px) 100vw, 480px\" \/><\/a>\n\t\t \t<\/div><\/div><\/div><div class='gallery-item' item_id='31866'><div class='gallery-item-inner'>\n\t\t\t<div class='gallery-icon landscape'>\n\t\t \t\t<a href=\"https:\/\/escoladailha.com.br\/portal\/wp-content\/uploads\/2023\/06\/Festa-junina-vem-ai-2-2-2010x1491.jpg\"><img loading=\"lazy\" decoding=\"async\" width=\"240\" height=\"190\" src=\"https:\/\/escoladailha.com.br\/portal\/wp-content\/uploads\/2023\/06\/Festa-junina-vem-ai-2-2-480x380.jpg\" class=\"attachment-carousel size-carousel\" alt=\"\" srcset=\"https:\/\/escoladailha.com.br\/portal\/wp-content\/uploads\/2023\/06\/Festa-junina-vem-ai-2-2-480x380.jpg 480w, https:\/\/escoladailha.com.br\/portal\/wp-content\/uploads\/2023\/06\/Festa-junina-vem-ai-2-2-232x184.jpg 232w\" sizes=\"auto, (max-width: 480px) 100vw, 480px\" \/><\/a>\n\t\t \t<\/div><\/div><\/div><div class='gallery-item' item_id='31865'><div class='gallery-item-inner'>\n\t\t\t<div class='gallery-icon portrait'>\n\t\t \t\t<a href=\"https:\/\/escoladailha.com.br\/portal\/wp-content\/uploads\/2023\/06\/Festa-junina-vem-ai-5.jpg\"><img loading=\"lazy\" decoding=\"async\" width=\"240\" height=\"190\" src=\"https:\/\/escoladailha.com.br\/portal\/wp-content\/uploads\/2023\/06\/Festa-junina-vem-ai-5-480x380.jpg\" class=\"attachment-carousel size-carousel\" alt=\"\" srcset=\"https:\/\/escoladailha.com.br\/portal\/wp-content\/uploads\/2023\/06\/Festa-junina-vem-ai-5-480x380.jpg 480w, https:\/\/escoladailha.com.br\/portal\/wp-content\/uploads\/2023\/06\/Festa-junina-vem-ai-5-232x184.jpg 232w\" sizes=\"auto, (max-width: 480px) 100vw, 480px\" \/><\/a>\n\t\t \t<\/div><\/div><\/div><div class='gallery-item' item_id='31863'><div class='gallery-item-inner'>\n\t\t\t<div class='gallery-icon landscape'>\n\t\t \t\t<a href=\"https:\/\/escoladailha.com.br\/portal\/wp-content\/uploads\/2023\/06\/Festa-junina-vem-ai-111-2010x1340.jpg\"><img loading=\"lazy\" decoding=\"async\" width=\"240\" height=\"190\" src=\"https:\/\/escoladailha.com.br\/portal\/wp-content\/uploads\/2023\/06\/Festa-junina-vem-ai-111-480x380.jpg\" class=\"attachment-carousel size-carousel\" alt=\"\" srcset=\"https:\/\/escoladailha.com.br\/portal\/wp-content\/uploads\/2023\/06\/Festa-junina-vem-ai-111-480x380.jpg 480w, https:\/\/escoladailha.com.br\/portal\/wp-content\/uploads\/2023\/06\/Festa-junina-vem-ai-111-232x184.jpg 232w\" sizes=\"auto, (max-width: 480px) 100vw, 480px\" \/><\/a>\n\t\t \t<\/div><\/div><\/div><div class='gallery-item' item_id='31862'><div class='gallery-item-inner'>\n\t\t\t<div class='gallery-icon landscape'>\n\t\t \t\t<a href=\"https:\/\/escoladailha.com.br\/portal\/wp-content\/uploads\/2023\/06\/Festa-junina-vem-ai-110-2010x1340.jpg\"><img loading=\"lazy\" decoding=\"async\" width=\"240\" height=\"190\" src=\"https:\/\/escoladailha.com.br\/portal\/wp-content\/uploads\/2023\/06\/Festa-junina-vem-ai-110-480x380.jpg\" class=\"attachment-carousel size-carousel\" alt=\"\" srcset=\"https:\/\/escoladailha.com.br\/portal\/wp-content\/uploads\/2023\/06\/Festa-junina-vem-ai-110-480x380.jpg 480w, https:\/\/escoladailha.com.br\/portal\/wp-content\/uploads\/2023\/06\/Festa-junina-vem-ai-110-232x184.jpg 232w\" sizes=\"auto, (max-width: 480px) 100vw, 480px\" \/><\/a>\n\t\t \t<\/div><\/div><\/div><div class='gallery-item' item_id='31858'><div class='gallery-item-inner'>\n\t\t\t<div class='gallery-icon landscape'>\n\t\t \t\t<a href=\"https:\/\/escoladailha.com.br\/portal\/wp-content\/uploads\/2023\/06\/Festa-junina-vem-ai-106-2010x1340.jpg\"><img loading=\"lazy\" decoding=\"async\" width=\"240\" height=\"190\" src=\"https:\/\/escoladailha.com.br\/portal\/wp-content\/uploads\/2023\/06\/Festa-junina-vem-ai-106-480x380.jpg\" class=\"attachment-carousel size-carousel\" alt=\"\" srcset=\"https:\/\/escoladailha.com.br\/portal\/wp-content\/uploads\/2023\/06\/Festa-junina-vem-ai-106-480x380.jpg 480w, https:\/\/escoladailha.com.br\/portal\/wp-content\/uploads\/2023\/06\/Festa-junina-vem-ai-106-232x184.jpg 232w\" sizes=\"auto, (max-width: 480px) 100vw, 480px\" \/><\/a>\n\t\t \t<\/div><\/div><\/div><div class='gallery-item' item_id='31852'><div class='gallery-item-inner'>\n\t\t\t<div class='gallery-icon landscape'>\n\t\t \t\t<a href=\"https:\/\/escoladailha.com.br\/portal\/wp-content\/uploads\/2023\/06\/Festa-junina-vem-ai-100-2010x1319.jpg\"><img loading=\"lazy\" decoding=\"async\" width=\"240\" height=\"190\" src=\"https:\/\/escoladailha.com.br\/portal\/wp-content\/uploads\/2023\/06\/Festa-junina-vem-ai-100-480x380.jpg\" class=\"attachment-carousel size-carousel\" alt=\"\" srcset=\"https:\/\/escoladailha.com.br\/portal\/wp-content\/uploads\/2023\/06\/Festa-junina-vem-ai-100-480x380.jpg 480w, https:\/\/escoladailha.com.br\/portal\/wp-content\/uploads\/2023\/06\/Festa-junina-vem-ai-100-232x184.jpg 232w\" sizes=\"auto, (max-width: 480px) 100vw, 480px\" \/><\/a>\n\t\t \t<\/div><\/div><\/div><div class='gallery-item' item_id='31851'><div class='gallery-item-inner'>\n\t\t\t<div class='gallery-icon landscape'>\n\t\t \t\t<a href=\"https:\/\/escoladailha.com.br\/portal\/wp-content\/uploads\/2023\/06\/Festa-junina-vem-ai-99-2010x1340.jpg\"><img loading=\"lazy\" decoding=\"async\" width=\"240\" height=\"190\" src=\"https:\/\/escoladailha.com.br\/portal\/wp-content\/uploads\/2023\/06\/Festa-junina-vem-ai-99-480x380.jpg\" class=\"attachment-carousel size-carousel\" alt=\"\" srcset=\"https:\/\/escoladailha.com.br\/portal\/wp-content\/uploads\/2023\/06\/Festa-junina-vem-ai-99-480x380.jpg 480w, https:\/\/escoladailha.com.br\/portal\/wp-content\/uploads\/2023\/06\/Festa-junina-vem-ai-99-232x184.jpg 232w\" sizes=\"auto, (max-width: 480px) 100vw, 480px\" \/><\/a>\n\t\t \t<\/div><\/div><\/div><div class='gallery-item' item_id='31847'><div class='gallery-item-inner'>\n\t\t\t<div class='gallery-icon landscape'>\n\t\t \t\t<a href=\"https:\/\/escoladailha.com.br\/portal\/wp-content\/uploads\/2023\/06\/Festa-junina-vem-ai-95-2010x1340.jpg\"><img loading=\"lazy\" decoding=\"async\" width=\"240\" height=\"190\" src=\"https:\/\/escoladailha.com.br\/portal\/wp-content\/uploads\/2023\/06\/Festa-junina-vem-ai-95-480x380.jpg\" class=\"attachment-carousel size-carousel\" alt=\"\" srcset=\"https:\/\/escoladailha.com.br\/portal\/wp-content\/uploads\/2023\/06\/Festa-junina-vem-ai-95-480x380.jpg 480w, https:\/\/escoladailha.com.br\/portal\/wp-content\/uploads\/2023\/06\/Festa-junina-vem-ai-95-232x184.jpg 232w\" sizes=\"auto, (max-width: 480px) 100vw, 480px\" \/><\/a>\n\t\t \t<\/div><\/div><\/div><div class='gallery-item' item_id='31846'><div class='gallery-item-inner'>\n\t\t\t<div class='gallery-icon landscape'>\n\t\t \t\t<a href=\"https:\/\/escoladailha.com.br\/portal\/wp-content\/uploads\/2023\/06\/Festa-junina-vem-ai-94-2010x1340.jpg\"><img loading=\"lazy\" decoding=\"async\" width=\"240\" height=\"190\" src=\"https:\/\/escoladailha.com.br\/portal\/wp-content\/uploads\/2023\/06\/Festa-junina-vem-ai-94-480x380.jpg\" class=\"attachment-carousel size-carousel\" alt=\"\" srcset=\"https:\/\/escoladailha.com.br\/portal\/wp-content\/uploads\/2023\/06\/Festa-junina-vem-ai-94-480x380.jpg 480w, https:\/\/escoladailha.com.br\/portal\/wp-content\/uploads\/2023\/06\/Festa-junina-vem-ai-94-232x184.jpg 232w\" sizes=\"auto, (max-width: 480px) 100vw, 480px\" \/><\/a>\n\t\t \t<\/div><\/div><\/div><div class='gallery-item' item_id='31845'><div class='gallery-item-inner'>\n\t\t\t<div class='gallery-icon landscape'>\n\t\t \t\t<a href=\"https:\/\/escoladailha.com.br\/portal\/wp-content\/uploads\/2023\/06\/Festa-junina-vem-ai-93-2010x1196.jpg\"><img loading=\"lazy\" decoding=\"async\" width=\"240\" height=\"190\" src=\"https:\/\/escoladailha.com.br\/portal\/wp-content\/uploads\/2023\/06\/Festa-junina-vem-ai-93-480x380.jpg\" class=\"attachment-carousel size-carousel\" alt=\"\" srcset=\"https:\/\/escoladailha.com.br\/portal\/wp-content\/uploads\/2023\/06\/Festa-junina-vem-ai-93-480x380.jpg 480w, https:\/\/escoladailha.com.br\/portal\/wp-content\/uploads\/2023\/06\/Festa-junina-vem-ai-93-232x184.jpg 232w\" sizes=\"auto, (max-width: 480px) 100vw, 480px\" \/><\/a>\n\t\t \t<\/div><\/div><\/div><div class='gallery-item' item_id='31844'><div class='gallery-item-inner'>\n\t\t\t<div class='gallery-icon landscape'>\n\t\t \t\t<a href=\"https:\/\/escoladailha.com.br\/portal\/wp-content\/uploads\/2023\/06\/Festa-junina-vem-ai-92-2010x1340.jpg\"><img loading=\"lazy\" decoding=\"async\" width=\"240\" height=\"190\" src=\"https:\/\/escoladailha.com.br\/portal\/wp-content\/uploads\/2023\/06\/Festa-junina-vem-ai-92-480x380.jpg\" class=\"attachment-carousel size-carousel\" alt=\"\" srcset=\"https:\/\/escoladailha.com.br\/portal\/wp-content\/uploads\/2023\/06\/Festa-junina-vem-ai-92-480x380.jpg 480w, https:\/\/escoladailha.com.br\/portal\/wp-content\/uploads\/2023\/06\/Festa-junina-vem-ai-92-232x184.jpg 232w\" sizes=\"auto, (max-width: 480px) 100vw, 480px\" \/><\/a>\n\t\t \t<\/div><\/div><\/div><div class='gallery-item' item_id='31839'><div class='gallery-item-inner'>\n\t\t\t<div class='gallery-icon landscape'>\n\t\t \t\t<a href=\"https:\/\/escoladailha.com.br\/portal\/wp-content\/uploads\/2023\/06\/Festa-junina-vem-ai-87-2010x1340.jpg\"><img loading=\"lazy\" decoding=\"async\" width=\"240\" height=\"190\" src=\"https:\/\/escoladailha.com.br\/portal\/wp-content\/uploads\/2023\/06\/Festa-junina-vem-ai-87-480x380.jpg\" class=\"attachment-carousel size-carousel\" alt=\"\" srcset=\"https:\/\/escoladailha.com.br\/portal\/wp-content\/uploads\/2023\/06\/Festa-junina-vem-ai-87-480x380.jpg 480w, https:\/\/escoladailha.com.br\/portal\/wp-content\/uploads\/2023\/06\/Festa-junina-vem-ai-87-232x184.jpg 232w\" sizes=\"auto, (max-width: 480px) 100vw, 480px\" \/><\/a>\n\t\t \t<\/div><\/div><\/div><div class='gallery-item' item_id='31838'><div class='gallery-item-inner'>\n\t\t\t<div class='gallery-icon landscape'>\n\t\t \t\t<a href=\"https:\/\/escoladailha.com.br\/portal\/wp-content\/uploads\/2023\/06\/Festa-junina-vem-ai-86-2010x1340.jpg\"><img loading=\"lazy\" decoding=\"async\" width=\"240\" height=\"190\" src=\"https:\/\/escoladailha.com.br\/portal\/wp-content\/uploads\/2023\/06\/Festa-junina-vem-ai-86-480x380.jpg\" class=\"attachment-carousel size-carousel\" alt=\"\" srcset=\"https:\/\/escoladailha.com.br\/portal\/wp-content\/uploads\/2023\/06\/Festa-junina-vem-ai-86-480x380.jpg 480w, https:\/\/escoladailha.com.br\/portal\/wp-content\/uploads\/2023\/06\/Festa-junina-vem-ai-86-232x184.jpg 232w\" sizes=\"auto, (max-width: 480px) 100vw, 480px\" \/><\/a>\n\t\t \t<\/div><\/div><\/div><div class='gallery-item' item_id='31835'><div class='gallery-item-inner'>\n\t\t\t<div class='gallery-icon landscape'>\n\t\t \t\t<a href=\"https:\/\/escoladailha.com.br\/portal\/wp-content\/uploads\/2023\/06\/Festa-junina-vem-ai-83-2010x1280.jpg\"><img loading=\"lazy\" decoding=\"async\" width=\"240\" height=\"190\" src=\"https:\/\/escoladailha.com.br\/portal\/wp-content\/uploads\/2023\/06\/Festa-junina-vem-ai-83-480x380.jpg\" class=\"attachment-carousel size-carousel\" alt=\"\" srcset=\"https:\/\/escoladailha.com.br\/portal\/wp-content\/uploads\/2023\/06\/Festa-junina-vem-ai-83-480x380.jpg 480w, https:\/\/escoladailha.com.br\/portal\/wp-content\/uploads\/2023\/06\/Festa-junina-vem-ai-83-232x184.jpg 232w\" sizes=\"auto, (max-width: 480px) 100vw, 480px\" \/><\/a>\n\t\t \t<\/div><\/div><\/div><div class='gallery-item' item_id='31833'><div class='gallery-item-inner'>\n\t\t\t<div class='gallery-icon landscape'>\n\t\t \t\t<a href=\"https:\/\/escoladailha.com.br\/portal\/wp-content\/uploads\/2023\/06\/Festa-junina-vem-ai-81-2010x1340.jpg\"><img loading=\"lazy\" decoding=\"async\" width=\"240\" height=\"190\" src=\"https:\/\/escoladailha.com.br\/portal\/wp-content\/uploads\/2023\/06\/Festa-junina-vem-ai-81-480x380.jpg\" class=\"attachment-carousel size-carousel\" alt=\"\" srcset=\"https:\/\/escoladailha.com.br\/portal\/wp-content\/uploads\/2023\/06\/Festa-junina-vem-ai-81-480x380.jpg 480w, https:\/\/escoladailha.com.br\/portal\/wp-content\/uploads\/2023\/06\/Festa-junina-vem-ai-81-232x184.jpg 232w\" sizes=\"auto, (max-width: 480px) 100vw, 480px\" \/><\/a>\n\t\t \t<\/div><\/div><\/div><div class='gallery-item' item_id='31829'><div class='gallery-item-inner'>\n\t\t\t<div class='gallery-icon landscape'>\n\t\t \t\t<a href=\"https:\/\/escoladailha.com.br\/portal\/wp-content\/uploads\/2023\/06\/Festa-junina-vem-ai-77-2010x1260.jpg\"><img loading=\"lazy\" decoding=\"async\" width=\"240\" height=\"190\" src=\"https:\/\/escoladailha.com.br\/portal\/wp-content\/uploads\/2023\/06\/Festa-junina-vem-ai-77-480x380.jpg\" class=\"attachment-carousel size-carousel\" alt=\"\" srcset=\"https:\/\/escoladailha.com.br\/portal\/wp-content\/uploads\/2023\/06\/Festa-junina-vem-ai-77-480x380.jpg 480w, https:\/\/escoladailha.com.br\/portal\/wp-content\/uploads\/2023\/06\/Festa-junina-vem-ai-77-232x184.jpg 232w\" sizes=\"auto, (max-width: 480px) 100vw, 480px\" \/><\/a>\n\t\t \t<\/div><\/div><\/div><div class='gallery-item' item_id='31826'><div class='gallery-item-inner'>\n\t\t\t<div class='gallery-icon landscape'>\n\t\t \t\t<a href=\"https:\/\/escoladailha.com.br\/portal\/wp-content\/uploads\/2023\/06\/Festa-junina-vem-ai-74-2010x1340.jpg\"><img loading=\"lazy\" decoding=\"async\" width=\"240\" height=\"190\" src=\"https:\/\/escoladailha.com.br\/portal\/wp-content\/uploads\/2023\/06\/Festa-junina-vem-ai-74-480x380.jpg\" class=\"attachment-carousel size-carousel\" alt=\"\" srcset=\"https:\/\/escoladailha.com.br\/portal\/wp-content\/uploads\/2023\/06\/Festa-junina-vem-ai-74-480x380.jpg 480w, https:\/\/escoladailha.com.br\/portal\/wp-content\/uploads\/2023\/06\/Festa-junina-vem-ai-74-232x184.jpg 232w\" sizes=\"auto, (max-width: 480px) 100vw, 480px\" \/><\/a>\n\t\t \t<\/div><\/div><\/div><div class='gallery-item' item_id='31822'><div class='gallery-item-inner'>\n\t\t\t<div class='gallery-icon landscape'>\n\t\t \t\t<a href=\"https:\/\/escoladailha.com.br\/portal\/wp-content\/uploads\/2023\/06\/Festa-junina-vem-ai-70-2010x1340.jpg\"><img loading=\"lazy\" decoding=\"async\" width=\"240\" height=\"190\" src=\"https:\/\/escoladailha.com.br\/portal\/wp-content\/uploads\/2023\/06\/Festa-junina-vem-ai-70-480x380.jpg\" class=\"attachment-carousel size-carousel\" alt=\"\" srcset=\"https:\/\/escoladailha.com.br\/portal\/wp-content\/uploads\/2023\/06\/Festa-junina-vem-ai-70-480x380.jpg 480w, https:\/\/escoladailha.com.br\/portal\/wp-content\/uploads\/2023\/06\/Festa-junina-vem-ai-70-232x184.jpg 232w\" sizes=\"auto, (max-width: 480px) 100vw, 480px\" \/><\/a>\n\t\t \t<\/div><\/div><\/div><div class='gallery-item' item_id='31821'><div class='gallery-item-inner'>\n\t\t\t<div class='gallery-icon landscape'>\n\t\t \t\t<a href=\"https:\/\/escoladailha.com.br\/portal\/wp-content\/uploads\/2023\/06\/Festa-junina-vem-ai-69-2010x1340.jpg\"><img loading=\"lazy\" decoding=\"async\" width=\"240\" height=\"190\" src=\"https:\/\/escoladailha.com.br\/portal\/wp-content\/uploads\/2023\/06\/Festa-junina-vem-ai-69-480x380.jpg\" class=\"attachment-carousel size-carousel\" alt=\"\" srcset=\"https:\/\/escoladailha.com.br\/portal\/wp-content\/uploads\/2023\/06\/Festa-junina-vem-ai-69-480x380.jpg 480w, https:\/\/escoladailha.com.br\/portal\/wp-content\/uploads\/2023\/06\/Festa-junina-vem-ai-69-232x184.jpg 232w\" sizes=\"auto, (max-width: 480px) 100vw, 480px\" \/><\/a>\n\t\t \t<\/div><\/div><\/div><div class='gallery-item' item_id='31819'><div class='gallery-item-inner'>\n\t\t\t<div class='gallery-icon landscape'>\n\t\t \t\t<a href=\"https:\/\/escoladailha.com.br\/portal\/wp-content\/uploads\/2023\/06\/Festa-junina-vem-ai-67-2010x1340.jpg\"><img loading=\"lazy\" decoding=\"async\" width=\"240\" height=\"190\" src=\"https:\/\/escoladailha.com.br\/portal\/wp-content\/uploads\/2023\/06\/Festa-junina-vem-ai-67-480x380.jpg\" class=\"attachment-carousel size-carousel\" alt=\"\" srcset=\"https:\/\/escoladailha.com.br\/portal\/wp-content\/uploads\/2023\/06\/Festa-junina-vem-ai-67-480x380.jpg 480w, https:\/\/escoladailha.com.br\/portal\/wp-content\/uploads\/2023\/06\/Festa-junina-vem-ai-67-232x184.jpg 232w\" sizes=\"auto, (max-width: 480px) 100vw, 480px\" \/><\/a>\n\t\t \t<\/div><\/div><\/div><div class='gallery-item' item_id='31818'><div class='gallery-item-inner'>\n\t\t\t<div class='gallery-icon landscape'>\n\t\t \t\t<a href=\"https:\/\/escoladailha.com.br\/portal\/wp-content\/uploads\/2023\/06\/Festa-junina-vem-ai-66-2010x1340.jpg\"><img loading=\"lazy\" decoding=\"async\" width=\"240\" height=\"190\" src=\"https:\/\/escoladailha.com.br\/portal\/wp-content\/uploads\/2023\/06\/Festa-junina-vem-ai-66-480x380.jpg\" class=\"attachment-carousel size-carousel\" alt=\"\" srcset=\"https:\/\/escoladailha.com.br\/portal\/wp-content\/uploads\/2023\/06\/Festa-junina-vem-ai-66-480x380.jpg 480w, https:\/\/escoladailha.com.br\/portal\/wp-content\/uploads\/2023\/06\/Festa-junina-vem-ai-66-232x184.jpg 232w\" sizes=\"auto, (max-width: 480px) 100vw, 480px\" \/><\/a>\n\t\t \t<\/div><\/div><\/div><div class='gallery-item' item_id='31816'><div class='gallery-item-inner'>\n\t\t\t<div class='gallery-icon landscape'>\n\t\t \t\t<a href=\"https:\/\/escoladailha.com.br\/portal\/wp-content\/uploads\/2023\/06\/Festa-junina-vem-ai-64-2010x1340.jpg\"><img loading=\"lazy\" decoding=\"async\" width=\"240\" height=\"190\" src=\"https:\/\/escoladailha.com.br\/portal\/wp-content\/uploads\/2023\/06\/Festa-junina-vem-ai-64-480x380.jpg\" class=\"attachment-carousel size-carousel\" alt=\"\" srcset=\"https:\/\/escoladailha.com.br\/portal\/wp-content\/uploads\/2023\/06\/Festa-junina-vem-ai-64-480x380.jpg 480w, https:\/\/escoladailha.com.br\/portal\/wp-content\/uploads\/2023\/06\/Festa-junina-vem-ai-64-232x184.jpg 232w\" sizes=\"auto, (max-width: 480px) 100vw, 480px\" \/><\/a>\n\t\t \t<\/div><\/div><\/div><div class='gallery-item' item_id='31813'><div class='gallery-item-inner'>\n\t\t\t<div class='gallery-icon landscape'>\n\t\t \t\t<a href=\"https:\/\/escoladailha.com.br\/portal\/wp-content\/uploads\/2023\/06\/Festa-junina-vem-ai-61-2010x1344.jpg\"><img loading=\"lazy\" decoding=\"async\" width=\"240\" height=\"190\" src=\"https:\/\/escoladailha.com.br\/portal\/wp-content\/uploads\/2023\/06\/Festa-junina-vem-ai-61-480x380.jpg\" class=\"attachment-carousel size-carousel\" alt=\"\" srcset=\"https:\/\/escoladailha.com.br\/portal\/wp-content\/uploads\/2023\/06\/Festa-junina-vem-ai-61-480x380.jpg 480w, https:\/\/escoladailha.com.br\/portal\/wp-content\/uploads\/2023\/06\/Festa-junina-vem-ai-61-232x184.jpg 232w\" sizes=\"auto, (max-width: 480px) 100vw, 480px\" \/><\/a>\n\t\t \t<\/div><\/div><\/div><div class='gallery-item' item_id='31812'><div class='gallery-item-inner'>\n\t\t\t<div class='gallery-icon landscape'>\n\t\t \t\t<a href=\"https:\/\/escoladailha.com.br\/portal\/wp-content\/uploads\/2023\/06\/Festa-junina-vem-ai-60-2010x1340.jpg\"><img loading=\"lazy\" decoding=\"async\" width=\"240\" height=\"190\" src=\"https:\/\/escoladailha.com.br\/portal\/wp-content\/uploads\/2023\/06\/Festa-junina-vem-ai-60-480x380.jpg\" class=\"attachment-carousel size-carousel\" alt=\"\" srcset=\"https:\/\/escoladailha.com.br\/portal\/wp-content\/uploads\/2023\/06\/Festa-junina-vem-ai-60-480x380.jpg 480w, https:\/\/escoladailha.com.br\/portal\/wp-content\/uploads\/2023\/06\/Festa-junina-vem-ai-60-232x184.jpg 232w\" sizes=\"auto, (max-width: 480px) 100vw, 480px\" \/><\/a>\n\t\t \t<\/div><\/div><\/div><div class='gallery-item' item_id='31806'><div class='gallery-item-inner'>\n\t\t\t<div class='gallery-icon landscape'>\n\t\t \t\t<a href=\"https:\/\/escoladailha.com.br\/portal\/wp-content\/uploads\/2023\/06\/Festa-junina-vem-ai-54-2010x1340.jpg\"><img loading=\"lazy\" decoding=\"async\" width=\"240\" height=\"190\" src=\"https:\/\/escoladailha.com.br\/portal\/wp-content\/uploads\/2023\/06\/Festa-junina-vem-ai-54-480x380.jpg\" class=\"attachment-carousel size-carousel\" alt=\"\" srcset=\"https:\/\/escoladailha.com.br\/portal\/wp-content\/uploads\/2023\/06\/Festa-junina-vem-ai-54-480x380.jpg 480w, https:\/\/escoladailha.com.br\/portal\/wp-content\/uploads\/2023\/06\/Festa-junina-vem-ai-54-232x184.jpg 232w\" sizes=\"auto, (max-width: 480px) 100vw, 480px\" \/><\/a>\n\t\t \t<\/div><\/div><\/div><div class='gallery-item' item_id='31805'><div class='gallery-item-inner'>\n\t\t\t<div class='gallery-icon landscape'>\n\t\t \t\t<a href=\"https:\/\/escoladailha.com.br\/portal\/wp-content\/uploads\/2023\/06\/Festa-junina-vem-ai-53-2010x1340.jpg\"><img loading=\"lazy\" decoding=\"async\" width=\"240\" height=\"190\" src=\"https:\/\/escoladailha.com.br\/portal\/wp-content\/uploads\/2023\/06\/Festa-junina-vem-ai-53-480x380.jpg\" class=\"attachment-carousel size-carousel\" alt=\"\" srcset=\"https:\/\/escoladailha.com.br\/portal\/wp-content\/uploads\/2023\/06\/Festa-junina-vem-ai-53-480x380.jpg 480w, https:\/\/escoladailha.com.br\/portal\/wp-content\/uploads\/2023\/06\/Festa-junina-vem-ai-53-232x184.jpg 232w\" sizes=\"auto, (max-width: 480px) 100vw, 480px\" \/><\/a>\n\t\t \t<\/div><\/div><\/div><div class='gallery-item' item_id='31804'><div class='gallery-item-inner'>\n\t\t\t<div class='gallery-icon landscape'>\n\t\t \t\t<a href=\"https:\/\/escoladailha.com.br\/portal\/wp-content\/uploads\/2023\/06\/Festa-junina-vem-ai-52-2010x1340.jpg\"><img loading=\"lazy\" decoding=\"async\" width=\"240\" height=\"190\" src=\"https:\/\/escoladailha.com.br\/portal\/wp-content\/uploads\/2023\/06\/Festa-junina-vem-ai-52-480x380.jpg\" class=\"attachment-carousel size-carousel\" alt=\"\" srcset=\"https:\/\/escoladailha.com.br\/portal\/wp-content\/uploads\/2023\/06\/Festa-junina-vem-ai-52-480x380.jpg 480w, https:\/\/escoladailha.com.br\/portal\/wp-content\/uploads\/2023\/06\/Festa-junina-vem-ai-52-232x184.jpg 232w\" sizes=\"auto, (max-width: 480px) 100vw, 480px\" \/><\/a>\n\t\t \t<\/div><\/div><\/div><div class='gallery-item' item_id='31800'><div class='gallery-item-inner'>\n\t\t\t<div class='gallery-icon portrait'>\n\t\t \t\t<a href=\"https:\/\/escoladailha.com.br\/portal\/wp-content\/uploads\/2023\/06\/Festa-junina-vem-ai-48-1340x2010.jpg\"><img loading=\"lazy\" decoding=\"async\" width=\"240\" height=\"190\" src=\"https:\/\/escoladailha.com.br\/portal\/wp-content\/uploads\/2023\/06\/Festa-junina-vem-ai-48-480x380.jpg\" class=\"attachment-carousel size-carousel\" alt=\"\" srcset=\"https:\/\/escoladailha.com.br\/portal\/wp-content\/uploads\/2023\/06\/Festa-junina-vem-ai-48-480x380.jpg 480w, https:\/\/escoladailha.com.br\/portal\/wp-content\/uploads\/2023\/06\/Festa-junina-vem-ai-48-232x184.jpg 232w\" sizes=\"auto, (max-width: 480px) 100vw, 480px\" \/><\/a>\n\t\t \t<\/div><\/div><\/div><div class='gallery-item' item_id='31798'><div class='gallery-item-inner'>\n\t\t\t<div class='gallery-icon landscape'>\n\t\t \t\t<a href=\"https:\/\/escoladailha.com.br\/portal\/wp-content\/uploads\/2023\/06\/Festa-junina-vem-ai-46-2010x1289.jpg\"><img loading=\"lazy\" decoding=\"async\" width=\"240\" height=\"190\" src=\"https:\/\/escoladailha.com.br\/portal\/wp-content\/uploads\/2023\/06\/Festa-junina-vem-ai-46-480x380.jpg\" class=\"attachment-carousel size-carousel\" alt=\"\" srcset=\"https:\/\/escoladailha.com.br\/portal\/wp-content\/uploads\/2023\/06\/Festa-junina-vem-ai-46-480x380.jpg 480w, https:\/\/escoladailha.com.br\/portal\/wp-content\/uploads\/2023\/06\/Festa-junina-vem-ai-46-232x184.jpg 232w\" sizes=\"auto, (max-width: 480px) 100vw, 480px\" \/><\/a>\n\t\t \t<\/div><\/div><\/div><\/div><div style=\"clear: both\"><\/div><img loading=\"lazy\" decoding=\"async\" src=\"https:\/\/escoladailha.com.br\/portal\/wp-content\/plugins\/ei-galerias-da-ilha\/images\/gallery_prev.png\" width=\"16\" height=\"30\" class=\"gallery-prev\"><img loading=\"lazy\" decoding=\"async\" src=\"https:\/\/escoladailha.com.br\/portal\/wp-content\/plugins\/ei-galerias-da-ilha\/images\/gallery_next.png\" width=\"16\" height=\"30\" class=\"gallery-next\"><\/div>\n\t\t<\/div>\n\n<\/div><\/section><\/div><div class=\"flex_column av_two_third  flex_column_div av-zero-column-padding first  avia-builder-el-3  el_after_av_one_full  el_before_av_comments_list  column-top-margin\" style='border-radius:0px; '><section class=\"av_textblock_section \"  itemscope=\"itemscope\" itemtype=\"https:\/\/schema.org\/BlogPosting\" itemprop=\"blogPost\" ><div class='avia_textblock  '   itemprop=\"text\" ><p>A festa junina da Escola da Ilha foi regada de uni\u00e3o, cultura, brincadeira e muitas comidinhas gostosas. As apresenta\u00e7\u00f5es come\u00e7aram com as turmas do infantil e fundamental apresentando coreografias, batendo o p\u00e9 no ch\u00e3o e girando as rodinhas dos patins. A quadrilha final ficou a cargo do terceir\u00e3o, que deu um baile. Como n\u00e3o poderia faltar, o 3 ano comoveu com a morte do Boi de Mam\u00e3o, que renasceu em festa atrav\u00e9s de muita reza e dan\u00e7a. Confira as fotos na nossa galeria.<\/p>\n<p>Os festejos juninos no Brasil re\u00fanem os dias de S\u00e3o Jo\u00e3o, Santo Ant\u00f4nio e S\u00e3o Pedro. A origem remonta dos povos antigos, que at\u00e9 hoje cultuam a prosperidade da terra e deseja \u00e0s sementes um bom crescimento. Por aqui, a Escola da Ilha comemora as conquistas desde o in\u00edcio do ano e planta esperan\u00e7a atrav\u00e9s dos festejos para que os frutos sejam colhidos ao final do ano com prosperidade, prazer e respeito.<\/p>\n<\/div><\/section><\/div><div  class='av-buildercomment  av-blog-meta-author-disabled av-blog-meta-comments-disabled av-blog-meta-category-disabled av-blog-meta-date-disabled av-blog-meta-html-info-disabled av-blog-meta-tag-disabled  '><\/div><\/p>\n","protected":false},"excerpt":{"rendered":"","protected":false},"author":3651,"featured_media":32006,"comment_status":"open","ping_status":"closed","sticky":false,"template":"","format":"standard","meta":{"_acf_changed":false,"_monsterinsights_skip_tracking":false,"_monsterinsights_sitenote_active":false,"_monsterinsights_sitenote_note":"","_monsterinsights_sitenote_category":0,"footnotes":""},"categories":[664,665,666,667,204],"tags":[1003,286,223,221],"class_list":["post-32001","post","type-post","status-publish","format-standard","has-post-thumbnail","hentry","category-infantil","category-fundamental-1","category-fundamental-2","category-ensino-medio","category-eventos","tag-arraia","tag-evento","tag-boi-de-mamao","tag-festa-junina"],"acf":[],"_links":{"self":[{"href":"https:\/\/escoladailha.com.br\/portal\/wp-json\/wp\/v2\/posts\/32001","targetHints":{"allow":["GET"]}}],"collection":[{"href":"https:\/\/escoladailha.com.br\/portal\/wp-json\/wp\/v2\/posts"}],"about":[{"href":"https:\/\/escoladailha.com.br\/portal\/wp-json\/wp\/v2\/types\/post"}],"author":[{"embeddable":true,"href":"https:\/\/escoladailha.com.br\/portal\/wp-json\/wp\/v2\/users\/3651"}],"replies":[{"embeddable":true,"href":"https:\/\/escoladailha.com.br\/portal\/wp-json\/wp\/v2\/comments?post=32001"}],"version-history":[{"count":0,"href":"https:\/\/escoladailha.com.br\/portal\/wp-json\/wp\/v2\/posts\/32001\/revisions"}],"wp:featuredmedia":[{"embeddable":true,"href":"https:\/\/escoladailha.com.br\/portal\/wp-json\/wp\/v2\/media\/32006"}],"wp:attachment":[{"href":"https:\/\/escoladailha.com.br\/portal\/wp-json\/wp\/v2\/media?parent=32001"}],"wp:term":[{"taxonomy":"category","embeddable":true,"href":"https:\/\/escoladailha.com.br\/portal\/wp-json\/wp\/v2\/categories?post=32001"},{"taxonomy":"post_tag","embeddable":true,"href":"https:\/\/escoladailha.com.br\/portal\/wp-json\/wp\/v2\/tags?post=32001"}],"curies":[{"name":"wp","href":"https:\/\/api.w.org\/{rel}","templated":true}]}}