{"id":28878,"date":"2021-11-12T17:49:54","date_gmt":"2021-11-12T20:49:54","guid":{"rendered":"https:\/\/escoladailha.com.br\/portal\/?p=28878"},"modified":"2021-11-12T17:58:46","modified_gmt":"2021-11-12T20:58:46","slug":"listas-de-material-economize-nas-compras-dos-livros","status":"publish","type":"post","link":"https:\/\/escoladailha.com.br\/portal\/listas-de-material-economize-nas-compras-dos-livros\/","title":{"rendered":"Listas de material: economize nas compras dos livros"},"content":{"rendered":"<header class=\"entry-content-header\">Listas de material: economize nas compras dos livros<span class='post-meta-infos'><time class=\"date-container minor-meta updated\"  itemprop=\"datePublished\" datetime=\"2021-11-12T17:49:54-03:00\" >12\/11\/2021<\/time><\/span><\/header>\n<div class=\"flex_column av_three_fourth  flex_column_div av-zero-column-padding first  avia-builder-el-1  el_after_av_post_meta  el_before_av_one_fourth  \" style='border-radius:0px; '><section class=\"av_textblock_section \"  itemscope=\"itemscope\" itemtype=\"https:\/\/schema.org\/BlogPosting\" itemprop=\"blogPost\" ><div class='avia_textblock  '   itemprop=\"text\" ><p>Publicamos, nesta semana, as listas de material para o ano que vem:\u00a0<a href=\"https:\/\/escoladailha.com.br\/portal\/2022-2\/listas-de-material-2022\/\" target=\"_blank\" rel=\"noopener\">consulte aqui<\/a>\u00a0(h\u00e1 links para ela em v\u00e1rias p\u00e1ginas do nosso portal).<\/p>\n<p>Nesta mesma p\u00e1gina, h\u00e1 tamb\u00e9m informa\u00e7\u00f5es para a <strong>compra com desconto, diretamente das\u00a0editoras<\/strong>, que abrem no dia 1\u00ba de dezembro:<\/p>\n<ul>\n<li>a Distribuidora Catarinense vende os livros de v\u00e1rias editoras (\u00c1tica, Atual, Saraiva, Scipione, em particular) com desconto de 20%, al\u00e9m de livros de outras editoras com desconto menor;<\/li>\n<li>a FTD vende seus pr\u00f3prios livros com desconto de 20%.<\/li>\n<\/ul>\n<p>A Escola disponibiliza, tamb\u00e9m, (<a href=\"https:\/\/escoladailha.com.br\/portal\/servico\/troca-de-livros\/\" target=\"_blank\" rel=\"noopener\">acesse aqui<\/a>) um sistema de troca ou venda de livros utilizados pelos alunos este ano. Neste caso, s\u00f3\u00a0<strong>n\u00e3o podem ser trocados\u00a0<\/strong>os livros did\u00e1ticos do 2\u00ba ao 5\u00ba ano, porque os alunos realizam tarefas nos pr\u00f3prios livros, e os livros que n\u00e3o foram adotados este ano.<\/p>\n<\/div><\/section><\/div><div class=\"flex_column av_one_fourth  flex_column_div av-zero-column-padding   avia-builder-el-3  el_after_av_three_fourth  el_before_av_comments_list  \" style='border-radius:0px; '><div  class='avia-image-container  av-styling-    avia-builder-el-4  avia-builder-el-no-sibling  avia-align-center '  itemprop=\"image\" itemscope=\"itemscope\" itemtype=\"https:\/\/schema.org\/ImageObject\"  ><div class='avia-image-container-inner'><div class='avia-image-overlay-wrap'><img decoding=\"async\" class='wp-image-3636 avia-img-lazy-loading-not-3636 avia_image' src=\"https:\/\/escoladailha.com.br\/portal\/wp-content\/uploads\/2015\/05\/livrosVERT-1-480x708.jpg\" alt='' title='livrosvert' height=\"708\" width=\"480\"  itemprop=\"thumbnailUrl\" srcset=\"https:\/\/escoladailha.com.br\/portal\/wp-content\/uploads\/2015\/05\/livrosVERT-1-480x708.jpg 480w, https:\/\/escoladailha.com.br\/portal\/wp-content\/uploads\/2015\/05\/livrosVERT-1.jpg 800w\" sizes=\"(max-width: 480px) 100vw, 480px\" \/><\/div><\/div><\/div><\/div><div  class='av-buildercomment  av-blog-meta-author-disabled av-blog-meta-comments-disabled av-blog-meta-category-disabled av-blog-meta-date-disabled av-blog-meta-html-info-disabled av-blog-meta-tag-disabled  '><\/div><\/p>\n","protected":false},"excerpt":{"rendered":"","protected":false},"author":1612,"featured_media":3636,"comment_status":"open","ping_status":"closed","sticky":false,"template":"","format":"standard","meta":{"_acf_changed":false,"_monsterinsights_skip_tracking":false,"_monsterinsights_sitenote_active":false,"_monsterinsights_sitenote_note":"","_monsterinsights_sitenote_category":0,"footnotes":""},"categories":[864,664,665,666,667,23],"tags":[878,879,880,544,47],"class_list":["post-28878","post","type-post","status-publish","format-standard","has-post-thumbnail","hentry","category-matriculas-2022","category-infantil","category-fundamental-1","category-fundamental-2","category-ensino-medio","category-institucional","tag-livros-didaticos","tag-compra-direta","tag-troca-de-livros","tag-lista-de-material","tag-landscape"],"acf":[],"_links":{"self":[{"href":"https:\/\/escoladailha.com.br\/portal\/wp-json\/wp\/v2\/posts\/28878","targetHints":{"allow":["GET"]}}],"collection":[{"href":"https:\/\/escoladailha.com.br\/portal\/wp-json\/wp\/v2\/posts"}],"about":[{"href":"https:\/\/escoladailha.com.br\/portal\/wp-json\/wp\/v2\/types\/post"}],"author":[{"embeddable":true,"href":"https:\/\/escoladailha.com.br\/portal\/wp-json\/wp\/v2\/users\/1612"}],"replies":[{"embeddable":true,"href":"https:\/\/escoladailha.com.br\/portal\/wp-json\/wp\/v2\/comments?post=28878"}],"version-history":[{"count":0,"href":"https:\/\/escoladailha.com.br\/portal\/wp-json\/wp\/v2\/posts\/28878\/revisions"}],"wp:featuredmedia":[{"embeddable":true,"href":"https:\/\/escoladailha.com.br\/portal\/wp-json\/wp\/v2\/media\/3636"}],"wp:attachment":[{"href":"https:\/\/escoladailha.com.br\/portal\/wp-json\/wp\/v2\/media?parent=28878"}],"wp:term":[{"taxonomy":"category","embeddable":true,"href":"https:\/\/escoladailha.com.br\/portal\/wp-json\/wp\/v2\/categories?post=28878"},{"taxonomy":"post_tag","embeddable":true,"href":"https:\/\/escoladailha.com.br\/portal\/wp-json\/wp\/v2\/tags?post=28878"}],"curies":[{"name":"wp","href":"https:\/\/api.w.org\/{rel}","templated":true}]}}