{"id":25285,"date":"2021-10-17T18:20:27","date_gmt":"2021-10-17T21:20:27","guid":{"rendered":"https:\/\/escoladailha.com.br\/portal\/?p=25285"},"modified":"2021-11-11T12:59:22","modified_gmt":"2021-11-11T15:59:22","slug":"modelo-2","status":"publish","type":"post","link":"https:\/\/escoladailha.com.br\/portal\/modelo-2\/","title":{"rendered":"Visitas guiadas: conhe\u00e7a nosso espa\u00e7o e nossas instala\u00e7\u00f5es"},"content":{"rendered":"<header class=\"entry-content-header\">Visitas guiadas: conhe\u00e7a nosso espa\u00e7o e nossas instala\u00e7\u00f5es<span class='post-meta-infos'><time class=\"date-container minor-meta updated\"  itemprop=\"datePublished\" datetime=\"2021-10-17T18:20:27-03:00\" >17\/10\/2021<\/time><\/span><\/header>\n<div class=\"flex_column av_one_full  flex_column_div av-zero-column-padding first  avia-builder-el-1  el_after_av_post_meta  el_before_av_comments_list  \" style='border-radius:0px; '><section class=\"av_textblock_section \"  itemscope=\"itemscope\" itemtype=\"https:\/\/schema.org\/BlogPosting\" itemprop=\"blogPost\" ><div class='avia_textblock  '   itemprop=\"text\" ><p>A maioria dos pais que solicitaram informa\u00e7\u00f5es sobre matr\u00edculas para 2022 n\u00e3o pode visitar nosso espa\u00e7o por completo, pois as visitas ao interior do pr\u00e9dio est\u00e3o proibidas em hor\u00e1rios de aulas.<\/p>\n<p>Para suprir esta lacuna, estamos organizando <strong>visitas guiadas<\/strong> aos<\/p>\n<p style=\"text-align: center;\"><strong>s\u00e1bados,<\/strong><\/p>\n<p style=\"text-align: center;\"><strong>dias 23\/10 e 06\/11,<\/strong><\/p>\n<p style=\"text-align: center;\"><strong>das 8:00 \u00e0s 11:30 h.<\/strong><\/p>\n<p>Para participar, basta agendar pelo telefone (48) 3233.5725.<\/p>\n<p>Lembramos que as matr\u00edculas para 2022 est\u00e3o abertas e podem ser feitas presencialmente ou pelo nosso portal, <a href=\"https:\/\/escoladailha.com.br\/portal\/faq-matriculas\/cadastro-preliminar\/\">clicando aqui<\/a>. Realizando o cadastro preliminar, nossa equipe lhe enviar\u00e1 as orienta\u00e7\u00f5es necess\u00e1rias.<\/p>\n<p>Quanto antes realizar a matr\u00edcula, melhor: algumas turmas tem vagas limitadas e, em outubro, h\u00e1 um desconto maior no valor do sinal.<\/p>\n<p>Se voc\u00ea precisar de informa\u00e7\u00f5es mais detalhadas, nossa equipe estar\u00e1 \u00e0 disposi\u00e7\u00e3o presencialmente, pelo telefone, pelo \u201c<a href=\"https:\/\/escoladailha.com.br\/portal\/faq-matriculas\/pedir-ajuda\/\">Fale conosco<\/a>\u201d, ou por e-mail (<a href=\"mailto:matriculas@escoladailha.com.br\">matriculas@escoladailha.com.br<\/a>).<\/p>\n<\/div><\/section><\/div><div  class='av-buildercomment  av-blog-meta-author-disabled av-blog-meta-comments-disabled av-blog-meta-category-disabled av-blog-meta-date-disabled av-blog-meta-html-info-disabled av-blog-meta-tag-disabled  '><\/div><\/p>\n","protected":false},"excerpt":{"rendered":"","protected":false},"author":1612,"featured_media":28835,"comment_status":"open","ping_status":"closed","sticky":false,"template":"","format":"standard","meta":{"_acf_changed":false,"_monsterinsights_skip_tracking":false,"_monsterinsights_sitenote_active":false,"_monsterinsights_sitenote_note":"","_monsterinsights_sitenote_category":0,"footnotes":""},"categories":[864,863,848],"tags":[47],"class_list":["post-25285","post","type-post","status-publish","format-standard","has-post-thumbnail","hentry","category-matriculas-2022","category-matriculas","category-comunicados-2021","tag-landscape"],"acf":[],"_links":{"self":[{"href":"https:\/\/escoladailha.com.br\/portal\/wp-json\/wp\/v2\/posts\/25285","targetHints":{"allow":["GET"]}}],"collection":[{"href":"https:\/\/escoladailha.com.br\/portal\/wp-json\/wp\/v2\/posts"}],"about":[{"href":"https:\/\/escoladailha.com.br\/portal\/wp-json\/wp\/v2\/types\/post"}],"author":[{"embeddable":true,"href":"https:\/\/escoladailha.com.br\/portal\/wp-json\/wp\/v2\/users\/1612"}],"replies":[{"embeddable":true,"href":"https:\/\/escoladailha.com.br\/portal\/wp-json\/wp\/v2\/comments?post=25285"}],"version-history":[{"count":0,"href":"https:\/\/escoladailha.com.br\/portal\/wp-json\/wp\/v2\/posts\/25285\/revisions"}],"wp:featuredmedia":[{"embeddable":true,"href":"https:\/\/escoladailha.com.br\/portal\/wp-json\/wp\/v2\/media\/28835"}],"wp:attachment":[{"href":"https:\/\/escoladailha.com.br\/portal\/wp-json\/wp\/v2\/media?parent=25285"}],"wp:term":[{"taxonomy":"category","embeddable":true,"href":"https:\/\/escoladailha.com.br\/portal\/wp-json\/wp\/v2\/categories?post=25285"},{"taxonomy":"post_tag","embeddable":true,"href":"https:\/\/escoladailha.com.br\/portal\/wp-json\/wp\/v2\/tags?post=25285"}],"curies":[{"name":"wp","href":"https:\/\/api.w.org\/{rel}","templated":true}]}}