{"id":23293,"date":"2020-03-16T20:58:39","date_gmt":"2020-03-16T23:58:39","guid":{"rendered":"https:\/\/escoladailha.com.br\/portal\/?p=23293"},"modified":"2020-10-09T17:53:32","modified_gmt":"2020-10-09T20:53:32","slug":"covid-19-3o-comunicado-atividades-suspensas","status":"publish","type":"post","link":"https:\/\/escoladailha.com.br\/portal\/covid-19-3o-comunicado-atividades-suspensas\/","title":{"rendered":"COVID 19 &#8211; Comunicado 03 &#8211; ATIVIDADES SUSPENSAS"},"content":{"rendered":"<header class=\"entry-content-header\">COVID 19 &#8211; Comunicado 03 &#8211; ATIVIDADES SUSPENSAS<span class='post-meta-infos'><time class=\"date-container minor-meta updated\"  itemprop=\"datePublished\" datetime=\"2020-03-16T20:58:39-03:00\" >16\/03\/2020<\/time><\/span><\/header>\n<div class=\"flex_column av_two_third  flex_column_div av-zero-column-padding first  avia-builder-el-1  el_after_av_post_meta  el_before_av_comments_list  \" style='border-radius:0px; '><section class=\"av_textblock_section \"  itemscope=\"itemscope\" itemtype=\"https:\/\/schema.org\/BlogPosting\" itemprop=\"blogPost\" ><div class='avia_textblock  '   itemprop=\"text\" ><p>Prezados pais e respons\u00e1veis,<\/p>\n<p>Por determina\u00e7\u00e3o do decreto 21.347, publicado hoje pela Prefeitura de Florian\u00f3polis, todas as atividades pedag\u00f3gicas da Escola estar\u00e3o paralisadas por 14 dias, a contar de amanh\u00e3, ter\u00e7a feira, dia 17\/03.<\/p>\n<p>N\u00e3o haver\u00e1, portanto, equipe de plant\u00e3o para atendimento aos alunos.<\/p>\n<p>Estaremos definindo, nos pr\u00f3ximos dias, as adequa\u00e7\u00f5es necess\u00e1rias no calend\u00e1rio escolar e estrat\u00e9gias de trabalho pedag\u00f3gico \u00e0 dist\u00e2ncia.<\/p>\n<p>Lembramos, ainda, que todos os especialistas afirmam: devemos restringir ao m\u00e1ximo nossos contatos sociais, se poss\u00edvel limitando-os ao n\u00facleo familiar imediato.<\/p>\n<p>Atenciosamente,<\/p>\n<p>A Dire\u00e7\u00e3o<\/p>\n<p><strong><em>Decreto 21.347, DE 16 DE MAR\u00c7O DE 2020.<\/em><\/strong><\/p>\n<p><em><strong>Art. 7\u00ba<\/strong> Est\u00e3o suspensas por 14 (quatorze) dias as aulas, sem preju\u00edzo da manuten\u00e7\u00e3o do calend\u00e1rio recomendado pelo Minist\u00e9rio da Educa\u00e7\u00e3o, nas unidades da rede p\u00fablica e privada de ensino, incluindo educa\u00e7\u00e3o infantil, fundamental, n\u00edvel m\u00e9dio, EJA \u2013 educa\u00e7\u00e3o de jovens e adultos, t\u00e9cnico e ensino superior.<\/em><\/p>\n<\/div><\/section><\/div><div  class='av-buildercomment  av-blog-meta-author-disabled av-blog-meta-comments-disabled av-blog-meta-category-disabled av-blog-meta-date-disabled av-blog-meta-html-info-disabled av-blog-meta-tag-disabled  '><\/div><\/p>\n","protected":false},"excerpt":{"rendered":"","protected":false},"author":1612,"featured_media":23297,"comment_status":"open","ping_status":"closed","sticky":false,"template":"","format":"standard","meta":{"_acf_changed":false,"_monsterinsights_skip_tracking":false,"_monsterinsights_sitenote_active":false,"_monsterinsights_sitenote_note":"","_monsterinsights_sitenote_category":0,"footnotes":""},"categories":[836,826],"tags":[838,827,47],"class_list":["post-23293","post","type-post","status-publish","format-standard","has-post-thumbnail","hentry","category-comunicados","category-covid","tag-comunicados","tag-covid","tag-landscape"],"acf":[],"_links":{"self":[{"href":"https:\/\/escoladailha.com.br\/portal\/wp-json\/wp\/v2\/posts\/23293","targetHints":{"allow":["GET"]}}],"collection":[{"href":"https:\/\/escoladailha.com.br\/portal\/wp-json\/wp\/v2\/posts"}],"about":[{"href":"https:\/\/escoladailha.com.br\/portal\/wp-json\/wp\/v2\/types\/post"}],"author":[{"embeddable":true,"href":"https:\/\/escoladailha.com.br\/portal\/wp-json\/wp\/v2\/users\/1612"}],"replies":[{"embeddable":true,"href":"https:\/\/escoladailha.com.br\/portal\/wp-json\/wp\/v2\/comments?post=23293"}],"version-history":[{"count":0,"href":"https:\/\/escoladailha.com.br\/portal\/wp-json\/wp\/v2\/posts\/23293\/revisions"}],"wp:featuredmedia":[{"embeddable":true,"href":"https:\/\/escoladailha.com.br\/portal\/wp-json\/wp\/v2\/media\/23297"}],"wp:attachment":[{"href":"https:\/\/escoladailha.com.br\/portal\/wp-json\/wp\/v2\/media?parent=23293"}],"wp:term":[{"taxonomy":"category","embeddable":true,"href":"https:\/\/escoladailha.com.br\/portal\/wp-json\/wp\/v2\/categories?post=23293"},{"taxonomy":"post_tag","embeddable":true,"href":"https:\/\/escoladailha.com.br\/portal\/wp-json\/wp\/v2\/tags?post=23293"}],"curies":[{"name":"wp","href":"https:\/\/api.w.org\/{rel}","templated":true}]}}