{"id":22062,"date":"2019-09-12T20:16:20","date_gmt":"2019-09-12T23:16:20","guid":{"rendered":"https:\/\/escoladailha.com.br\/portal\/?p=22062"},"modified":"2019-10-04T12:00:12","modified_gmt":"2019-10-04T15:00:12","slug":"representar-e-receber-vaias-como-em-1922-a-2a-do-em-e-a-semana-de-arte-moderna","status":"publish","type":"post","link":"https:\/\/escoladailha.com.br\/portal\/representar-e-receber-vaias-como-em-1922-a-2a-do-em-e-a-semana-de-arte-moderna\/","title":{"rendered":"Representar e receber vaias, como em 1922: a 2\u00aa\u00a0do EM e a semana de arte moderna"},"content":{"rendered":"<header class=\"entry-content-header\">Representar e receber vaias, como em 1922: a 2\u00aa\u00a0do EM e a semana de arte moderna<span class='post-meta-infos'><time class=\"date-container minor-meta updated\"  itemprop=\"datePublished\" datetime=\"2019-09-12T20:16:20-03:00\" >12\/09\/2019<\/time><\/span><\/header>\n<div class=\"flex_column av_one_full  flex_column_div av-zero-column-padding first  avia-builder-el-1  el_after_av_post_meta  el_before_av_two_third  \" style='border-radius:0px; '><section class=\"av_textblock_section \"  itemscope=\"itemscope\" itemtype=\"https:\/\/schema.org\/BlogPosting\" itemprop=\"blogPost\" ><div class='avia_textblock  '   itemprop=\"text\" ><div id='gallery-1' class='gallery galleryid-22062 gallery-columns-3 gallery-size-carousel'><div class=\"carousel_wrap isotope\"><div class=\"carousel_inner\"><div class='gallery-item' item_id='21677'><div class='gallery-item-inner'>\n\t\t\t<div class='gallery-icon landscape'>\n\t\t \t\t<a href=\"https:\/\/escoladailha.com.br\/portal\/wp-content\/uploads\/2019\/09\/2_EM_encena_semana_de_2223-2010x1334.jpg\"><img loading=\"lazy\" decoding=\"async\" width=\"240\" height=\"190\" src=\"https:\/\/escoladailha.com.br\/portal\/wp-content\/uploads\/2019\/09\/2_EM_encena_semana_de_2223-480x380.jpg\" class=\"attachment-carousel size-carousel\" alt=\"\" srcset=\"https:\/\/escoladailha.com.br\/portal\/wp-content\/uploads\/2019\/09\/2_EM_encena_semana_de_2223-480x380.jpg 480w, https:\/\/escoladailha.com.br\/portal\/wp-content\/uploads\/2019\/09\/2_EM_encena_semana_de_2223-232x184.jpg 232w\" sizes=\"auto, (max-width: 480px) 100vw, 480px\" \/><\/a>\n\t\t \t<\/div><\/div><\/div><div class='gallery-item' item_id='21674'><div class='gallery-item-inner'>\n\t\t\t<div class='gallery-icon landscape'>\n\t\t \t\t<a href=\"https:\/\/escoladailha.com.br\/portal\/wp-content\/uploads\/2019\/09\/2_EM_encena_semana_de_2220-2010x1334.jpg\"><img loading=\"lazy\" decoding=\"async\" width=\"240\" height=\"190\" src=\"https:\/\/escoladailha.com.br\/portal\/wp-content\/uploads\/2019\/09\/2_EM_encena_semana_de_2220-480x380.jpg\" class=\"attachment-carousel size-carousel\" alt=\"\" srcset=\"https:\/\/escoladailha.com.br\/portal\/wp-content\/uploads\/2019\/09\/2_EM_encena_semana_de_2220-480x380.jpg 480w, https:\/\/escoladailha.com.br\/portal\/wp-content\/uploads\/2019\/09\/2_EM_encena_semana_de_2220-232x184.jpg 232w\" sizes=\"auto, (max-width: 480px) 100vw, 480px\" \/><\/a>\n\t\t \t<\/div><\/div><\/div><div class='gallery-item' item_id='21681'><div class='gallery-item-inner'>\n\t\t\t<div class='gallery-icon landscape'>\n\t\t \t\t<a href=\"https:\/\/escoladailha.com.br\/portal\/wp-content\/uploads\/2019\/09\/2_EM_encena_semana_de_2227-2010x1334.jpg\"><img loading=\"lazy\" decoding=\"async\" width=\"240\" height=\"190\" src=\"https:\/\/escoladailha.com.br\/portal\/wp-content\/uploads\/2019\/09\/2_EM_encena_semana_de_2227-480x380.jpg\" class=\"attachment-carousel size-carousel\" alt=\"\" srcset=\"https:\/\/escoladailha.com.br\/portal\/wp-content\/uploads\/2019\/09\/2_EM_encena_semana_de_2227-480x380.jpg 480w, https:\/\/escoladailha.com.br\/portal\/wp-content\/uploads\/2019\/09\/2_EM_encena_semana_de_2227-232x184.jpg 232w\" sizes=\"auto, (max-width: 480px) 100vw, 480px\" \/><\/a>\n\t\t \t<\/div><\/div><\/div><div class='gallery-item' item_id='21678'><div class='gallery-item-inner'>\n\t\t\t<div class='gallery-icon landscape'>\n\t\t \t\t<a href=\"https:\/\/escoladailha.com.br\/portal\/wp-content\/uploads\/2019\/09\/2_EM_encena_semana_de_2224-2010x1334.jpg\"><img loading=\"lazy\" decoding=\"async\" width=\"240\" height=\"190\" src=\"https:\/\/escoladailha.com.br\/portal\/wp-content\/uploads\/2019\/09\/2_EM_encena_semana_de_2224-480x380.jpg\" class=\"attachment-carousel size-carousel\" alt=\"\" srcset=\"https:\/\/escoladailha.com.br\/portal\/wp-content\/uploads\/2019\/09\/2_EM_encena_semana_de_2224-480x380.jpg 480w, https:\/\/escoladailha.com.br\/portal\/wp-content\/uploads\/2019\/09\/2_EM_encena_semana_de_2224-232x184.jpg 232w\" sizes=\"auto, (max-width: 480px) 100vw, 480px\" \/><\/a>\n\t\t \t<\/div><\/div><\/div><div class='gallery-item' item_id='21676'><div class='gallery-item-inner'>\n\t\t\t<div class='gallery-icon landscape'>\n\t\t \t\t<a href=\"https:\/\/escoladailha.com.br\/portal\/wp-content\/uploads\/2019\/09\/2_EM_encena_semana_de_2222-2010x1334.jpg\"><img loading=\"lazy\" decoding=\"async\" width=\"240\" height=\"190\" src=\"https:\/\/escoladailha.com.br\/portal\/wp-content\/uploads\/2019\/09\/2_EM_encena_semana_de_2222-480x380.jpg\" class=\"attachment-carousel size-carousel\" alt=\"\" srcset=\"https:\/\/escoladailha.com.br\/portal\/wp-content\/uploads\/2019\/09\/2_EM_encena_semana_de_2222-480x380.jpg 480w, https:\/\/escoladailha.com.br\/portal\/wp-content\/uploads\/2019\/09\/2_EM_encena_semana_de_2222-232x184.jpg 232w\" sizes=\"auto, (max-width: 480px) 100vw, 480px\" \/><\/a>\n\t\t \t<\/div><\/div><\/div><div class='gallery-item' item_id='21672'><div class='gallery-item-inner'>\n\t\t\t<div class='gallery-icon landscape'>\n\t\t \t\t<a href=\"https:\/\/escoladailha.com.br\/portal\/wp-content\/uploads\/2019\/09\/2_EM_encena_semana_de_2218-2010x1334.jpg\"><img loading=\"lazy\" decoding=\"async\" width=\"240\" height=\"190\" src=\"https:\/\/escoladailha.com.br\/portal\/wp-content\/uploads\/2019\/09\/2_EM_encena_semana_de_2218-480x380.jpg\" class=\"attachment-carousel size-carousel\" alt=\"\" srcset=\"https:\/\/escoladailha.com.br\/portal\/wp-content\/uploads\/2019\/09\/2_EM_encena_semana_de_2218-480x380.jpg 480w, https:\/\/escoladailha.com.br\/portal\/wp-content\/uploads\/2019\/09\/2_EM_encena_semana_de_2218-232x184.jpg 232w\" sizes=\"auto, (max-width: 480px) 100vw, 480px\" \/><\/a>\n\t\t \t<\/div><\/div><\/div><div class='gallery-item' item_id='21671'><div class='gallery-item-inner'>\n\t\t\t<div class='gallery-icon landscape'>\n\t\t \t\t<a href=\"https:\/\/escoladailha.com.br\/portal\/wp-content\/uploads\/2019\/09\/2_EM_encena_semana_de_2217-2010x1334.jpg\"><img loading=\"lazy\" decoding=\"async\" width=\"240\" height=\"190\" src=\"https:\/\/escoladailha.com.br\/portal\/wp-content\/uploads\/2019\/09\/2_EM_encena_semana_de_2217-480x380.jpg\" class=\"attachment-carousel size-carousel\" alt=\"\" srcset=\"https:\/\/escoladailha.com.br\/portal\/wp-content\/uploads\/2019\/09\/2_EM_encena_semana_de_2217-480x380.jpg 480w, https:\/\/escoladailha.com.br\/portal\/wp-content\/uploads\/2019\/09\/2_EM_encena_semana_de_2217-232x184.jpg 232w\" sizes=\"auto, (max-width: 480px) 100vw, 480px\" \/><\/a>\n\t\t \t<\/div><\/div><\/div><div class='gallery-item' item_id='21669'><div class='gallery-item-inner'>\n\t\t\t<div class='gallery-icon landscape'>\n\t\t \t\t<a href=\"https:\/\/escoladailha.com.br\/portal\/wp-content\/uploads\/2019\/09\/2_EM_encena_semana_de_2215-2010x1334.jpg\"><img loading=\"lazy\" decoding=\"async\" width=\"240\" height=\"190\" src=\"https:\/\/escoladailha.com.br\/portal\/wp-content\/uploads\/2019\/09\/2_EM_encena_semana_de_2215-480x380.jpg\" class=\"attachment-carousel size-carousel\" alt=\"\" srcset=\"https:\/\/escoladailha.com.br\/portal\/wp-content\/uploads\/2019\/09\/2_EM_encena_semana_de_2215-480x380.jpg 480w, https:\/\/escoladailha.com.br\/portal\/wp-content\/uploads\/2019\/09\/2_EM_encena_semana_de_2215-232x184.jpg 232w\" sizes=\"auto, (max-width: 480px) 100vw, 480px\" \/><\/a>\n\t\t \t<\/div><\/div><\/div><div class='gallery-item' item_id='21661'><div class='gallery-item-inner'>\n\t\t\t<div class='gallery-icon landscape'>\n\t\t \t\t<a href=\"https:\/\/escoladailha.com.br\/portal\/wp-content\/uploads\/2019\/09\/2_EM_encena_semana_de_227-2010x1334.jpg\"><img loading=\"lazy\" decoding=\"async\" width=\"240\" height=\"190\" src=\"https:\/\/escoladailha.com.br\/portal\/wp-content\/uploads\/2019\/09\/2_EM_encena_semana_de_227-480x380.jpg\" class=\"attachment-carousel size-carousel\" alt=\"\" srcset=\"https:\/\/escoladailha.com.br\/portal\/wp-content\/uploads\/2019\/09\/2_EM_encena_semana_de_227-480x380.jpg 480w, https:\/\/escoladailha.com.br\/portal\/wp-content\/uploads\/2019\/09\/2_EM_encena_semana_de_227-232x184.jpg 232w\" sizes=\"auto, (max-width: 480px) 100vw, 480px\" \/><\/a>\n\t\t \t<\/div><\/div><\/div><\/div><div style=\"clear: both\"><\/div><img loading=\"lazy\" decoding=\"async\" src=\"https:\/\/escoladailha.com.br\/portal\/wp-content\/plugins\/ei-galerias-da-ilha\/images\/gallery_prev.png\" width=\"16\" height=\"30\" class=\"gallery-prev\"><img loading=\"lazy\" decoding=\"async\" src=\"https:\/\/escoladailha.com.br\/portal\/wp-content\/plugins\/ei-galerias-da-ilha\/images\/gallery_next.png\" width=\"16\" height=\"30\" class=\"gallery-next\"><\/div>\n\t\t<\/div>\n\n<\/div><\/section><\/div><div class=\"flex_column av_two_third  flex_column_div av-zero-column-padding first  avia-builder-el-3  el_after_av_one_full  el_before_av_comments_list  column-top-margin\" style='border-radius:0px; '><section class=\"av_textblock_section \"  itemscope=\"itemscope\" itemtype=\"https:\/\/schema.org\/BlogPosting\" itemprop=\"blogPost\" ><div class='avia_textblock  '   itemprop=\"text\" ><p>O professor de literatura lan\u00e7ou o desafio, os alunos da 2\u00aa s\u00e9rie do Ensino M\u00e9dio aceitaram: a tarefa de literatura sobre a Semana de Arte Moderna de 1922 seria uma representa\u00e7\u00e3o dos fatos e dos personagens da semana que mudou profundamente a arte e a cultura brasileiras.<\/p>\n<p>Com a palavra, os pr\u00f3prios alunos:<\/p>\n<p><em>&#8220;A gente saiu da nossa zona de conforto, porque sa\u00edmos da sala de aula, fizemos uma coisa diferente, tivemos que atuar.<span class=\"Apple-converted-space\">\u00a0 <\/span>N\u00e3o era um personagem de fic\u00e7\u00e3o, mas um personagem que existiu realmente. Tivemos que nos ater aos fatos reais, representar o que aquela pessoa realmente fez naquela semana.&#8221;<\/em><\/p>\n<p><em>&#8220;Esse movimento do modernismo tinha essa ideia nacionalista, de recusar a arte pela arte que existia no simbolismo, das elites para as elites. Mas essa semana acabou sendo tamb\u00e9m muito elitista, porque os ingressos eram muito caros, era uma coisa muito exclusiva.&#8221;<\/em><\/p>\n<p><em>&#8220;Apesar deles quererem fazer uma arte popular, eles eram da elite, a Tarsila do Amaral, que eu representei, era filha de cafeicultores, era extremamente rica.&#8221;<\/em><\/p>\n<p><em>&#8220;Com o professor Robson, a gente fez uma avalia\u00e7\u00e3o do quanto a nossa literatura atual est\u00e1 bastante largada, o quanto seria legal ter de novo uma semana de arte moderna.&#8221;<\/em><\/p>\n<p><em>&#8220;Foi interessante a gente contextualizar com a aula do Oto (Hist\u00f3ria) e ver o quanto \u00e9 importante a gente aprender com o nosso passado.&#8221;<\/em><\/p>\n<p><em>&#8220;A semana de 22 foi 100 anos depois da independ\u00eancia e foi logo depois da primeira guerra, a Europa estava bombando. Eles tinham essa proposta de fazer uma identidade legitimamente brasileira.&#8221;<\/em><\/p>\n<p><em>&#8220;Tem a ver tamb\u00e9m com a aula de sociologia, tamb\u00e9m. A gente estava aprendendo sobre cultura, o que \u00e9 cultura, a cultura brasileira.&#8221;<\/em><\/p>\n<p><em>&#8220;Eu representei o Monteiro Lobato. Ele era pr\u00e9-modernista e foi completamente contra isso. Ele estava achando um absurdo discutir o que seria arte de verdade, achava que esse debate estava vindo da Europa. Ele era bem realista, queria retratar o sert\u00e3o brasileiro. Ele achava que a cultura brasileira devia ser retratada como acontecia. Ele era bem cl\u00e1ssico e, quando viu aquelas pinturas e esculturas com novas t\u00e9cnicas, achou que aquilo n\u00e3o era arte.&#8221;<\/em><\/p>\n<p><em>&#8220;Foi interessante eles usarem o movimento da semana de arte moderna para representar a cultura brasileira, o que seria a arte brasileira, s\u00f3 que a todo o momento foi a elite trazendo ideias europ\u00e9ias e divulgando arte de outros lugares para trazer para a cultura brasileira. A cultura brasileira mesmo, a cultura do Brasil n\u00e3o foi representada.&#8221;<\/em><\/p>\n<p><em>&#8220;Eles quiseram fazer uma nova identidade brasileira, mas o povo brasileiro n\u00e3o conseguia entender aquela arte.&#8221;<\/em><\/p>\n<p><em>&#8220;Como aconteceu na semana de arte moderna, toda vez que acabava uma apresenta\u00e7\u00e3o, a gente vaiava, a gente jogava coisas. Era a elite que estava assistindo, chocou tanto, se sentiram t\u00e3o ofendidos, que ningu\u00e9m gostou.&#8221;<\/em><\/p>\n<p>Resultado da experi\u00eancia: os alunos querem outra tarefa do g\u00eanero.<\/p>\n<p>Veja todas as <a href=\"https:\/\/escoladailha.com.br\/portal\/portfolio-item\/revivendo-a-semana-de-arte-moderna-de-22-2a-serie-do-em\/\"><span style=\"text-decoration: underline;\">fotos aqui.<\/span><\/a><\/p>\n<\/div><\/section><\/div><div  class='av-buildercomment  av-blog-meta-author-disabled av-blog-meta-comments-disabled av-blog-meta-category-disabled av-blog-meta-date-disabled av-blog-meta-html-info-disabled av-blog-meta-tag-disabled  '><\/div><\/p>\n","protected":false},"excerpt":{"rendered":"","protected":false},"author":1612,"featured_media":22224,"comment_status":"open","ping_status":"closed","sticky":false,"template":"","format":"standard","meta":{"_acf_changed":false,"_monsterinsights_skip_tracking":false,"_monsterinsights_sitenote_active":false,"_monsterinsights_sitenote_note":"","_monsterinsights_sitenote_category":0,"footnotes":""},"categories":[667,213,45,23,200,212,210,208,186,183,180],"tags":[735,736,570,510,405,391,219,190,127,122,47],"class_list":["post-22062","post","type-post","status-publish","format-standard","has-post-thumbnail","hentry","category-ensino-medio","category-literatura","category-home","category-institucional","category-cultura-noticias-escola","category-artes-plasticas","category-cinema","category-teatro","category-arte","category-historia","category-cultura","tag-semana-de-arte-moderna-de-22","tag-arte-moderna","tag-570","tag-semana-de-22","tag-2a-serie-em","tag-ensino-medio","tag-literatura","tag-cultura","tag-teatro","tag-artes","tag-landscape"],"acf":[],"_links":{"self":[{"href":"https:\/\/escoladailha.com.br\/portal\/wp-json\/wp\/v2\/posts\/22062","targetHints":{"allow":["GET"]}}],"collection":[{"href":"https:\/\/escoladailha.com.br\/portal\/wp-json\/wp\/v2\/posts"}],"about":[{"href":"https:\/\/escoladailha.com.br\/portal\/wp-json\/wp\/v2\/types\/post"}],"author":[{"embeddable":true,"href":"https:\/\/escoladailha.com.br\/portal\/wp-json\/wp\/v2\/users\/1612"}],"replies":[{"embeddable":true,"href":"https:\/\/escoladailha.com.br\/portal\/wp-json\/wp\/v2\/comments?post=22062"}],"version-history":[{"count":0,"href":"https:\/\/escoladailha.com.br\/portal\/wp-json\/wp\/v2\/posts\/22062\/revisions"}],"wp:featuredmedia":[{"embeddable":true,"href":"https:\/\/escoladailha.com.br\/portal\/wp-json\/wp\/v2\/media\/22224"}],"wp:attachment":[{"href":"https:\/\/escoladailha.com.br\/portal\/wp-json\/wp\/v2\/media?parent=22062"}],"wp:term":[{"taxonomy":"category","embeddable":true,"href":"https:\/\/escoladailha.com.br\/portal\/wp-json\/wp\/v2\/categories?post=22062"},{"taxonomy":"post_tag","embeddable":true,"href":"https:\/\/escoladailha.com.br\/portal\/wp-json\/wp\/v2\/tags?post=22062"}],"curies":[{"name":"wp","href":"https:\/\/api.w.org\/{rel}","templated":true}]}}