{"id":21447,"date":"2019-09-05T22:08:11","date_gmt":"2019-09-06T01:08:11","guid":{"rendered":"https:\/\/escoladailha.com.br\/portal\/?p=21447"},"modified":"2019-09-11T16:03:48","modified_gmt":"2019-09-11T19:03:48","slug":"uirapuru-curupira-e-desmatamento-2-ano-a-descobre-a-amazonia","status":"publish","type":"post","link":"https:\/\/escoladailha.com.br\/portal\/uirapuru-curupira-e-desmatamento-2-ano-a-descobre-a-amazonia\/","title":{"rendered":"Uirapuru, curupira e desmatamento: o 2\u00ba\u00a0A descobre a Amaz\u00f4nia"},"content":{"rendered":"<header class=\"entry-content-header\">Uirapuru, curupira e desmatamento: o 2\u00ba\u00a0A descobre a Amaz\u00f4nia<span class='post-meta-infos'><time class=\"date-container minor-meta updated\"  itemprop=\"datePublished\" datetime=\"2019-09-05T22:08:11-03:00\" >05\/09\/2019<\/time><\/span><\/header>\n<div class=\"flex_column av_one_full  flex_column_div av-zero-column-padding first  avia-builder-el-1  el_after_av_post_meta  el_before_av_two_third  \" style='border-radius:0px; '><section class=\"av_textblock_section \"  itemscope=\"itemscope\" itemtype=\"https:\/\/schema.org\/BlogPosting\" itemprop=\"blogPost\" ><div class='avia_textblock  '   itemprop=\"text\" ><div id='gallery-1' class='gallery galleryid-21447 gallery-columns-3 gallery-size-carousel'><div class=\"carousel_wrap isotope\"><div class=\"carousel_inner\"><div class='gallery-item' item_id='21459'><div class='gallery-item-inner'>\n\t\t\t<div class='gallery-icon portrait'>\n\t\t \t\t<a href=\"https:\/\/escoladailha.com.br\/portal\/wp-content\/uploads\/2019\/09\/2A-2.jpg\"><img loading=\"lazy\" decoding=\"async\" width=\"240\" height=\"190\" src=\"https:\/\/escoladailha.com.br\/portal\/wp-content\/uploads\/2019\/09\/2A-2-480x380.jpg\" class=\"attachment-carousel size-carousel\" alt=\"\" srcset=\"https:\/\/escoladailha.com.br\/portal\/wp-content\/uploads\/2019\/09\/2A-2-480x380.jpg 480w, https:\/\/escoladailha.com.br\/portal\/wp-content\/uploads\/2019\/09\/2A-2-232x184.jpg 232w\" sizes=\"auto, (max-width: 480px) 100vw, 480px\" \/><\/a>\n\t\t \t<\/div><\/div><\/div><div class='gallery-item' item_id='21454'><div class='gallery-item-inner'>\n\t\t\t<div class='gallery-icon landscape'>\n\t\t \t\t<a href=\"https:\/\/escoladailha.com.br\/portal\/wp-content\/uploads\/2019\/09\/2-ef-a-animais-da-amazonia-1.jpg\"><img loading=\"lazy\" decoding=\"async\" width=\"240\" height=\"190\" src=\"https:\/\/escoladailha.com.br\/portal\/wp-content\/uploads\/2019\/09\/2-ef-a-animais-da-amazonia-1-480x380.jpg\" class=\"attachment-carousel size-carousel\" alt=\"\" srcset=\"https:\/\/escoladailha.com.br\/portal\/wp-content\/uploads\/2019\/09\/2-ef-a-animais-da-amazonia-1-480x380.jpg 480w, https:\/\/escoladailha.com.br\/portal\/wp-content\/uploads\/2019\/09\/2-ef-a-animais-da-amazonia-1-232x184.jpg 232w\" sizes=\"auto, (max-width: 480px) 100vw, 480px\" \/><\/a>\n\t\t \t<\/div><\/div><\/div><div class='gallery-item' item_id='21464'><div class='gallery-item-inner'>\n\t\t\t<div class='gallery-icon landscape'>\n\t\t \t\t<a href=\"https:\/\/escoladailha.com.br\/portal\/wp-content\/uploads\/2019\/09\/lendas-brasileiras-2\u00baA.jpg\"><img loading=\"lazy\" decoding=\"async\" width=\"240\" height=\"190\" src=\"https:\/\/escoladailha.com.br\/portal\/wp-content\/uploads\/2019\/09\/lendas-brasileiras-2\u00baA-480x380.jpg\" class=\"attachment-carousel size-carousel\" alt=\"\" srcset=\"https:\/\/escoladailha.com.br\/portal\/wp-content\/uploads\/2019\/09\/lendas-brasileiras-2\u00baA-480x380.jpg 480w, https:\/\/escoladailha.com.br\/portal\/wp-content\/uploads\/2019\/09\/lendas-brasileiras-2\u00baA-232x184.jpg 232w\" sizes=\"auto, (max-width: 480px) 100vw, 480px\" \/><\/a>\n\t\t \t<\/div><\/div><\/div><div class='gallery-item' item_id='21460'><div class='gallery-item-inner'>\n\t\t\t<div class='gallery-icon portrait'>\n\t\t \t\t<a href=\"https:\/\/escoladailha.com.br\/portal\/wp-content\/uploads\/2019\/09\/2A.jpg\"><img loading=\"lazy\" decoding=\"async\" width=\"240\" height=\"190\" src=\"https:\/\/escoladailha.com.br\/portal\/wp-content\/uploads\/2019\/09\/2A-480x380.jpg\" class=\"attachment-carousel size-carousel\" alt=\"\" srcset=\"https:\/\/escoladailha.com.br\/portal\/wp-content\/uploads\/2019\/09\/2A-480x380.jpg 480w, https:\/\/escoladailha.com.br\/portal\/wp-content\/uploads\/2019\/09\/2A-232x184.jpg 232w\" sizes=\"auto, (max-width: 480px) 100vw, 480px\" \/><\/a>\n\t\t \t<\/div><\/div><\/div><div class='gallery-item' item_id='21455'><div class='gallery-item-inner'>\n\t\t\t<div class='gallery-icon landscape'>\n\t\t \t\t<a href=\"https:\/\/escoladailha.com.br\/portal\/wp-content\/uploads\/2019\/09\/2-ef-a-animais-da-amazonia.jpg\"><img loading=\"lazy\" decoding=\"async\" width=\"240\" height=\"190\" src=\"https:\/\/escoladailha.com.br\/portal\/wp-content\/uploads\/2019\/09\/2-ef-a-animais-da-amazonia-480x380.jpg\" class=\"attachment-carousel size-carousel\" alt=\"\" aria-describedby=\"gallery-1-21455\" srcset=\"https:\/\/escoladailha.com.br\/portal\/wp-content\/uploads\/2019\/09\/2-ef-a-animais-da-amazonia-480x380.jpg 480w, https:\/\/escoladailha.com.br\/portal\/wp-content\/uploads\/2019\/09\/2-ef-a-animais-da-amazonia-232x184.jpg 232w\" sizes=\"auto, (max-width: 480px) 100vw, 480px\" \/><\/a>\n\t\t \t<\/div>\n\t\t\t\t<div class='wp-caption-text gallery-caption' id='gallery-1-21455'>\n\t\t\t\tSONY DSC\n\t\t\t\t<\/div><\/div><\/div><div class='gallery-item' item_id='21310'><div class='gallery-item-inner'>\n\t\t\t<div class='gallery-icon portrait'>\n\t\t \t\t<a href=\"https:\/\/escoladailha.com.br\/portal\/wp-content\/uploads\/2019\/07\/2_A_ilha_lendas_006-1508x2010.jpg\"><img loading=\"lazy\" decoding=\"async\" width=\"240\" height=\"190\" src=\"https:\/\/escoladailha.com.br\/portal\/wp-content\/uploads\/2019\/07\/2_A_ilha_lendas_006-480x380.jpg\" class=\"attachment-carousel size-carousel\" alt=\"\" srcset=\"https:\/\/escoladailha.com.br\/portal\/wp-content\/uploads\/2019\/07\/2_A_ilha_lendas_006-480x380.jpg 480w, https:\/\/escoladailha.com.br\/portal\/wp-content\/uploads\/2019\/07\/2_A_ilha_lendas_006-232x184.jpg 232w\" sizes=\"auto, (max-width: 480px) 100vw, 480px\" \/><\/a>\n\t\t \t<\/div><\/div><\/div><div class='gallery-item' item_id='21323'><div class='gallery-item-inner'>\n\t\t\t<div class='gallery-icon portrait'>\n\t\t \t\t<a href=\"https:\/\/escoladailha.com.br\/portal\/wp-content\/uploads\/2019\/07\/2_A_ilha_lendas_019-1508x2010.jpg\"><img loading=\"lazy\" decoding=\"async\" width=\"240\" height=\"190\" src=\"https:\/\/escoladailha.com.br\/portal\/wp-content\/uploads\/2019\/07\/2_A_ilha_lendas_019-480x380.jpg\" class=\"attachment-carousel size-carousel\" alt=\"\" srcset=\"https:\/\/escoladailha.com.br\/portal\/wp-content\/uploads\/2019\/07\/2_A_ilha_lendas_019-480x380.jpg 480w, https:\/\/escoladailha.com.br\/portal\/wp-content\/uploads\/2019\/07\/2_A_ilha_lendas_019-232x184.jpg 232w\" sizes=\"auto, (max-width: 480px) 100vw, 480px\" \/><\/a>\n\t\t \t<\/div><\/div><\/div><div class='gallery-item' item_id='21322'><div class='gallery-item-inner'>\n\t\t\t<div class='gallery-icon portrait'>\n\t\t \t\t<a href=\"https:\/\/escoladailha.com.br\/portal\/wp-content\/uploads\/2019\/07\/2_A_ilha_lendas_018-1508x2010.jpg\"><img loading=\"lazy\" decoding=\"async\" width=\"240\" height=\"190\" src=\"https:\/\/escoladailha.com.br\/portal\/wp-content\/uploads\/2019\/07\/2_A_ilha_lendas_018-480x380.jpg\" class=\"attachment-carousel size-carousel\" alt=\"\" srcset=\"https:\/\/escoladailha.com.br\/portal\/wp-content\/uploads\/2019\/07\/2_A_ilha_lendas_018-480x380.jpg 480w, https:\/\/escoladailha.com.br\/portal\/wp-content\/uploads\/2019\/07\/2_A_ilha_lendas_018-232x184.jpg 232w\" sizes=\"auto, (max-width: 480px) 100vw, 480px\" \/><\/a>\n\t\t \t<\/div><\/div><\/div><div class='gallery-item' item_id='21321'><div class='gallery-item-inner'>\n\t\t\t<div class='gallery-icon portrait'>\n\t\t \t\t<a href=\"https:\/\/escoladailha.com.br\/portal\/wp-content\/uploads\/2019\/07\/2_A_ilha_lendas_017-1508x2010.jpg\"><img loading=\"lazy\" decoding=\"async\" width=\"240\" height=\"190\" src=\"https:\/\/escoladailha.com.br\/portal\/wp-content\/uploads\/2019\/07\/2_A_ilha_lendas_017-480x380.jpg\" class=\"attachment-carousel size-carousel\" alt=\"\" srcset=\"https:\/\/escoladailha.com.br\/portal\/wp-content\/uploads\/2019\/07\/2_A_ilha_lendas_017-480x380.jpg 480w, https:\/\/escoladailha.com.br\/portal\/wp-content\/uploads\/2019\/07\/2_A_ilha_lendas_017-232x184.jpg 232w\" sizes=\"auto, (max-width: 480px) 100vw, 480px\" \/><\/a>\n\t\t \t<\/div><\/div><\/div><div class='gallery-item' item_id='21320'><div class='gallery-item-inner'>\n\t\t\t<div class='gallery-icon portrait'>\n\t\t \t\t<a href=\"https:\/\/escoladailha.com.br\/portal\/wp-content\/uploads\/2019\/07\/2_A_ilha_lendas_016-1508x2010.jpg\"><img loading=\"lazy\" decoding=\"async\" width=\"240\" height=\"190\" src=\"https:\/\/escoladailha.com.br\/portal\/wp-content\/uploads\/2019\/07\/2_A_ilha_lendas_016-480x380.jpg\" class=\"attachment-carousel size-carousel\" alt=\"\" srcset=\"https:\/\/escoladailha.com.br\/portal\/wp-content\/uploads\/2019\/07\/2_A_ilha_lendas_016-480x380.jpg 480w, https:\/\/escoladailha.com.br\/portal\/wp-content\/uploads\/2019\/07\/2_A_ilha_lendas_016-232x184.jpg 232w\" sizes=\"auto, (max-width: 480px) 100vw, 480px\" \/><\/a>\n\t\t \t<\/div><\/div><\/div><div class='gallery-item' item_id='21319'><div class='gallery-item-inner'>\n\t\t\t<div class='gallery-icon portrait'>\n\t\t \t\t<a href=\"https:\/\/escoladailha.com.br\/portal\/wp-content\/uploads\/2019\/07\/2_A_ilha_lendas_015-1508x2010.jpg\"><img loading=\"lazy\" decoding=\"async\" width=\"240\" height=\"190\" src=\"https:\/\/escoladailha.com.br\/portal\/wp-content\/uploads\/2019\/07\/2_A_ilha_lendas_015-480x380.jpg\" class=\"attachment-carousel size-carousel\" alt=\"\" srcset=\"https:\/\/escoladailha.com.br\/portal\/wp-content\/uploads\/2019\/07\/2_A_ilha_lendas_015-480x380.jpg 480w, https:\/\/escoladailha.com.br\/portal\/wp-content\/uploads\/2019\/07\/2_A_ilha_lendas_015-232x184.jpg 232w\" sizes=\"auto, (max-width: 480px) 100vw, 480px\" \/><\/a>\n\t\t \t<\/div><\/div><\/div><div class='gallery-item' item_id='21318'><div class='gallery-item-inner'>\n\t\t\t<div class='gallery-icon portrait'>\n\t\t \t\t<a href=\"https:\/\/escoladailha.com.br\/portal\/wp-content\/uploads\/2019\/07\/2_A_ilha_lendas_014-1508x2010.jpg\"><img loading=\"lazy\" decoding=\"async\" width=\"240\" height=\"190\" src=\"https:\/\/escoladailha.com.br\/portal\/wp-content\/uploads\/2019\/07\/2_A_ilha_lendas_014-480x380.jpg\" class=\"attachment-carousel size-carousel\" alt=\"\" srcset=\"https:\/\/escoladailha.com.br\/portal\/wp-content\/uploads\/2019\/07\/2_A_ilha_lendas_014-480x380.jpg 480w, https:\/\/escoladailha.com.br\/portal\/wp-content\/uploads\/2019\/07\/2_A_ilha_lendas_014-232x184.jpg 232w\" sizes=\"auto, (max-width: 480px) 100vw, 480px\" \/><\/a>\n\t\t \t<\/div><\/div><\/div><div class='gallery-item' item_id='21317'><div class='gallery-item-inner'>\n\t\t\t<div class='gallery-icon portrait'>\n\t\t \t\t<a href=\"https:\/\/escoladailha.com.br\/portal\/wp-content\/uploads\/2019\/07\/2_A_ilha_lendas_013-1508x2010.jpg\"><img loading=\"lazy\" decoding=\"async\" width=\"240\" height=\"190\" src=\"https:\/\/escoladailha.com.br\/portal\/wp-content\/uploads\/2019\/07\/2_A_ilha_lendas_013-480x380.jpg\" class=\"attachment-carousel size-carousel\" alt=\"\" srcset=\"https:\/\/escoladailha.com.br\/portal\/wp-content\/uploads\/2019\/07\/2_A_ilha_lendas_013-480x380.jpg 480w, https:\/\/escoladailha.com.br\/portal\/wp-content\/uploads\/2019\/07\/2_A_ilha_lendas_013-232x184.jpg 232w\" sizes=\"auto, (max-width: 480px) 100vw, 480px\" \/><\/a>\n\t\t \t<\/div><\/div><\/div><div class='gallery-item' item_id='21316'><div class='gallery-item-inner'>\n\t\t\t<div class='gallery-icon portrait'>\n\t\t \t\t<a href=\"https:\/\/escoladailha.com.br\/portal\/wp-content\/uploads\/2019\/07\/2_A_ilha_lendas_012-1508x2010.jpg\"><img loading=\"lazy\" decoding=\"async\" width=\"240\" height=\"190\" src=\"https:\/\/escoladailha.com.br\/portal\/wp-content\/uploads\/2019\/07\/2_A_ilha_lendas_012-480x380.jpg\" class=\"attachment-carousel size-carousel\" alt=\"\" srcset=\"https:\/\/escoladailha.com.br\/portal\/wp-content\/uploads\/2019\/07\/2_A_ilha_lendas_012-480x380.jpg 480w, https:\/\/escoladailha.com.br\/portal\/wp-content\/uploads\/2019\/07\/2_A_ilha_lendas_012-232x184.jpg 232w\" sizes=\"auto, (max-width: 480px) 100vw, 480px\" \/><\/a>\n\t\t \t<\/div><\/div><\/div><div class='gallery-item' item_id='21315'><div class='gallery-item-inner'>\n\t\t\t<div class='gallery-icon portrait'>\n\t\t \t\t<a href=\"https:\/\/escoladailha.com.br\/portal\/wp-content\/uploads\/2019\/07\/2_A_ilha_lendas_011-1508x2010.jpg\"><img loading=\"lazy\" decoding=\"async\" width=\"240\" height=\"190\" src=\"https:\/\/escoladailha.com.br\/portal\/wp-content\/uploads\/2019\/07\/2_A_ilha_lendas_011-480x380.jpg\" class=\"attachment-carousel size-carousel\" alt=\"\" srcset=\"https:\/\/escoladailha.com.br\/portal\/wp-content\/uploads\/2019\/07\/2_A_ilha_lendas_011-480x380.jpg 480w, https:\/\/escoladailha.com.br\/portal\/wp-content\/uploads\/2019\/07\/2_A_ilha_lendas_011-232x184.jpg 232w\" sizes=\"auto, (max-width: 480px) 100vw, 480px\" \/><\/a>\n\t\t \t<\/div><\/div><\/div><div class='gallery-item' item_id='21314'><div class='gallery-item-inner'>\n\t\t\t<div class='gallery-icon portrait'>\n\t\t \t\t<a href=\"https:\/\/escoladailha.com.br\/portal\/wp-content\/uploads\/2019\/07\/2_A_ilha_lendas_010-1508x2010.jpg\"><img loading=\"lazy\" decoding=\"async\" width=\"240\" height=\"190\" src=\"https:\/\/escoladailha.com.br\/portal\/wp-content\/uploads\/2019\/07\/2_A_ilha_lendas_010-480x380.jpg\" class=\"attachment-carousel size-carousel\" alt=\"\" srcset=\"https:\/\/escoladailha.com.br\/portal\/wp-content\/uploads\/2019\/07\/2_A_ilha_lendas_010-480x380.jpg 480w, https:\/\/escoladailha.com.br\/portal\/wp-content\/uploads\/2019\/07\/2_A_ilha_lendas_010-232x184.jpg 232w\" sizes=\"auto, (max-width: 480px) 100vw, 480px\" \/><\/a>\n\t\t \t<\/div><\/div><\/div><div class='gallery-item' item_id='21313'><div class='gallery-item-inner'>\n\t\t\t<div class='gallery-icon portrait'>\n\t\t \t\t<a href=\"https:\/\/escoladailha.com.br\/portal\/wp-content\/uploads\/2019\/07\/2_A_ilha_lendas_009-1508x2010.jpg\"><img loading=\"lazy\" decoding=\"async\" width=\"240\" height=\"190\" src=\"https:\/\/escoladailha.com.br\/portal\/wp-content\/uploads\/2019\/07\/2_A_ilha_lendas_009-480x380.jpg\" class=\"attachment-carousel size-carousel\" alt=\"\" srcset=\"https:\/\/escoladailha.com.br\/portal\/wp-content\/uploads\/2019\/07\/2_A_ilha_lendas_009-480x380.jpg 480w, https:\/\/escoladailha.com.br\/portal\/wp-content\/uploads\/2019\/07\/2_A_ilha_lendas_009-232x184.jpg 232w\" sizes=\"auto, (max-width: 480px) 100vw, 480px\" \/><\/a>\n\t\t \t<\/div><\/div><\/div><div class='gallery-item' item_id='21312'><div class='gallery-item-inner'>\n\t\t\t<div class='gallery-icon portrait'>\n\t\t \t\t<a href=\"https:\/\/escoladailha.com.br\/portal\/wp-content\/uploads\/2019\/07\/2_A_ilha_lendas_008-1508x2010.jpg\"><img loading=\"lazy\" decoding=\"async\" width=\"240\" height=\"190\" src=\"https:\/\/escoladailha.com.br\/portal\/wp-content\/uploads\/2019\/07\/2_A_ilha_lendas_008-480x380.jpg\" class=\"attachment-carousel size-carousel\" alt=\"\" srcset=\"https:\/\/escoladailha.com.br\/portal\/wp-content\/uploads\/2019\/07\/2_A_ilha_lendas_008-480x380.jpg 480w, https:\/\/escoladailha.com.br\/portal\/wp-content\/uploads\/2019\/07\/2_A_ilha_lendas_008-232x184.jpg 232w\" sizes=\"auto, (max-width: 480px) 100vw, 480px\" \/><\/a>\n\t\t \t<\/div><\/div><\/div><div class='gallery-item' item_id='21311'><div class='gallery-item-inner'>\n\t\t\t<div class='gallery-icon portrait'>\n\t\t \t\t<a href=\"https:\/\/escoladailha.com.br\/portal\/wp-content\/uploads\/2019\/07\/2_A_ilha_lendas_007-1508x2010.jpg\"><img loading=\"lazy\" decoding=\"async\" width=\"240\" height=\"190\" src=\"https:\/\/escoladailha.com.br\/portal\/wp-content\/uploads\/2019\/07\/2_A_ilha_lendas_007-480x380.jpg\" class=\"attachment-carousel size-carousel\" alt=\"\" srcset=\"https:\/\/escoladailha.com.br\/portal\/wp-content\/uploads\/2019\/07\/2_A_ilha_lendas_007-480x380.jpg 480w, https:\/\/escoladailha.com.br\/portal\/wp-content\/uploads\/2019\/07\/2_A_ilha_lendas_007-232x184.jpg 232w\" sizes=\"auto, (max-width: 480px) 100vw, 480px\" \/><\/a>\n\t\t \t<\/div><\/div><\/div><div class='gallery-item' item_id='21328'><div class='gallery-item-inner'>\n\t\t\t<div class='gallery-icon portrait'>\n\t\t \t\t<a href=\"https:\/\/escoladailha.com.br\/portal\/wp-content\/uploads\/2019\/07\/2_A_ilha_lendas_027-1508x2010.jpg\"><img loading=\"lazy\" decoding=\"async\" width=\"240\" height=\"190\" src=\"https:\/\/escoladailha.com.br\/portal\/wp-content\/uploads\/2019\/07\/2_A_ilha_lendas_027-480x380.jpg\" class=\"attachment-carousel size-carousel\" alt=\"\" srcset=\"https:\/\/escoladailha.com.br\/portal\/wp-content\/uploads\/2019\/07\/2_A_ilha_lendas_027-480x380.jpg 480w, https:\/\/escoladailha.com.br\/portal\/wp-content\/uploads\/2019\/07\/2_A_ilha_lendas_027-232x184.jpg 232w\" sizes=\"auto, (max-width: 480px) 100vw, 480px\" \/><\/a>\n\t\t \t<\/div><\/div><\/div><div class='gallery-item' item_id='21329'><div class='gallery-item-inner'>\n\t\t\t<div class='gallery-icon portrait'>\n\t\t \t\t<a href=\"https:\/\/escoladailha.com.br\/portal\/wp-content\/uploads\/2019\/07\/2_A_ilha_lendas_028-1508x2010.jpg\"><img loading=\"lazy\" decoding=\"async\" width=\"240\" height=\"190\" src=\"https:\/\/escoladailha.com.br\/portal\/wp-content\/uploads\/2019\/07\/2_A_ilha_lendas_028-480x380.jpg\" class=\"attachment-carousel size-carousel\" alt=\"\" srcset=\"https:\/\/escoladailha.com.br\/portal\/wp-content\/uploads\/2019\/07\/2_A_ilha_lendas_028-480x380.jpg 480w, https:\/\/escoladailha.com.br\/portal\/wp-content\/uploads\/2019\/07\/2_A_ilha_lendas_028-232x184.jpg 232w\" sizes=\"auto, (max-width: 480px) 100vw, 480px\" \/><\/a>\n\t\t \t<\/div><\/div><\/div><div class='gallery-item' item_id='21324'><div class='gallery-item-inner'>\n\t\t\t<div class='gallery-icon landscape'>\n\t\t \t\t<a href=\"https:\/\/escoladailha.com.br\/portal\/wp-content\/uploads\/2019\/07\/2_A_ilha_lendas_021-2010x1508.jpg\"><img loading=\"lazy\" decoding=\"async\" width=\"240\" height=\"190\" src=\"https:\/\/escoladailha.com.br\/portal\/wp-content\/uploads\/2019\/07\/2_A_ilha_lendas_021-480x380.jpg\" class=\"attachment-carousel size-carousel\" alt=\"\" srcset=\"https:\/\/escoladailha.com.br\/portal\/wp-content\/uploads\/2019\/07\/2_A_ilha_lendas_021-480x380.jpg 480w, https:\/\/escoladailha.com.br\/portal\/wp-content\/uploads\/2019\/07\/2_A_ilha_lendas_021-232x184.jpg 232w\" sizes=\"auto, (max-width: 480px) 100vw, 480px\" \/><\/a>\n\t\t \t<\/div><\/div><\/div><div class='gallery-item' item_id='21326'><div class='gallery-item-inner'>\n\t\t\t<div class='gallery-icon landscape'>\n\t\t \t\t<a href=\"https:\/\/escoladailha.com.br\/portal\/wp-content\/uploads\/2019\/07\/2_A_ilha_lendas_023-2010x1508.jpg\"><img loading=\"lazy\" decoding=\"async\" width=\"240\" height=\"190\" src=\"https:\/\/escoladailha.com.br\/portal\/wp-content\/uploads\/2019\/07\/2_A_ilha_lendas_023-480x380.jpg\" class=\"attachment-carousel size-carousel\" alt=\"\" srcset=\"https:\/\/escoladailha.com.br\/portal\/wp-content\/uploads\/2019\/07\/2_A_ilha_lendas_023-480x380.jpg 480w, https:\/\/escoladailha.com.br\/portal\/wp-content\/uploads\/2019\/07\/2_A_ilha_lendas_023-232x184.jpg 232w\" sizes=\"auto, (max-width: 480px) 100vw, 480px\" \/><\/a>\n\t\t \t<\/div><\/div><\/div><div class='gallery-item' item_id='21325'><div class='gallery-item-inner'>\n\t\t\t<div class='gallery-icon landscape'>\n\t\t \t\t<a href=\"https:\/\/escoladailha.com.br\/portal\/wp-content\/uploads\/2019\/07\/2_A_ilha_lendas_022-2010x1508.jpg\"><img loading=\"lazy\" decoding=\"async\" width=\"240\" height=\"190\" src=\"https:\/\/escoladailha.com.br\/portal\/wp-content\/uploads\/2019\/07\/2_A_ilha_lendas_022-480x380.jpg\" class=\"attachment-carousel size-carousel\" alt=\"\" srcset=\"https:\/\/escoladailha.com.br\/portal\/wp-content\/uploads\/2019\/07\/2_A_ilha_lendas_022-480x380.jpg 480w, https:\/\/escoladailha.com.br\/portal\/wp-content\/uploads\/2019\/07\/2_A_ilha_lendas_022-232x184.jpg 232w\" sizes=\"auto, (max-width: 480px) 100vw, 480px\" \/><\/a>\n\t\t \t<\/div><\/div><\/div><\/div><div style=\"clear: both\"><\/div><img loading=\"lazy\" decoding=\"async\" src=\"https:\/\/escoladailha.com.br\/portal\/wp-content\/plugins\/ei-galerias-da-ilha\/images\/gallery_prev.png\" width=\"16\" height=\"30\" class=\"gallery-prev\"><img loading=\"lazy\" decoding=\"async\" src=\"https:\/\/escoladailha.com.br\/portal\/wp-content\/plugins\/ei-galerias-da-ilha\/images\/gallery_next.png\" width=\"16\" height=\"30\" class=\"gallery-next\"><\/div>\n\t\t<\/div>\n\n<\/div><\/section><\/div>\n<div class=\"flex_column av_two_third  flex_column_div av-zero-column-padding first  avia-builder-el-3  el_after_av_one_full  el_before_av_comments_list  column-top-margin\" style='border-radius:0px; '><section class=\"av_textblock_section \"  itemscope=\"itemscope\" itemtype=\"https:\/\/schema.org\/BlogPosting\" itemprop=\"blogPost\" ><div class='avia_textblock  '   itemprop=\"text\" ><p><em>&#8220;O uirapuru \u00e9 um p\u00e1ssaro bem bonito da Amaz\u00f4nia, dizem que quando ele canta, todos os animais se calam&#8221;.<\/em><\/p>\n<p>Essa descoberta, citada pela aluna Elena Karvat, foi s\u00f3 um dos aprendizados dos alunos do\u00a02\u00ba ano A do Fundamental, os Guardi\u00f5es da Amaz\u00f4nia, que se dedica, desde o in\u00edcio do ano, a descobrir esta regi\u00e3o da Am\u00e9rica Latina.<\/p>\n<p>Tudo come\u00e7ou com um assunto que parece simples: a fauna e a flora brasileiras, que precisamos preservar. Conversa vai, pesquisa vem, os alunos foram muito mais longe. A come\u00e7ar pela escolha do nome, um processo democr\u00e1tico que eles assimilaram bem. Quem conta s\u00e3o os pr\u00f3prios alunos, em conversa com a reportagem:<br \/>\n<em>&#8211; &#8220;eu escolhi o nome da turma Amaz\u00f4nia\u2026&#8221;<br \/>\n<\/em><em>&#8211; &#8220;foi uma sugest\u00e3o, o nome foi a turma que escolheu!.\u201d<br \/>\n<\/em><em>&#8211; &#8220;a\u00ed, num dia que eu n\u00e3o vim, a Julia sugeriu o nome Guardi\u00f5es da Amaz\u00f4nia e foi esse que a turma escolheu.\u201d<\/em><\/p>\n<p>Os primeiros passos levaram a muitas descobertas sobre a floresta, a fauna e a flora da Amaz\u00f4nia. Um pouco deste trabalho foi mostrado no Encontr\u00e3o. Com a palavra, os alunos:<br \/>\n<em>&#8211; \u201ca gente apresentou os animais da Amaz\u00f4nia, por exemplo, eu apresentei a Gar\u00e7a Real, o Mateus mostrou o jacar\u00e9 a\u00e7\u00fa.\u201d<br \/>\n<\/em><em>&#8211; \u201ceu fiz o uirapur\u00fa.\u201d<br \/>\n<\/em><em>&#8211; &#8220;eu fiz o macaco de cheiro, a Gabi fez a on\u00e7a pintada, a Dani fez o boto cor de rosa.\u201d<br \/>\n<\/em><em>&#8211; &#8220;eu fiz a anaconda e eu soube que ela esmaga os ossos dos animais para engolir.\u201d<br \/>\n&#8211; \u201ceu fiz a sucuri e a gente fez os desenhos das lendas.\u201d<br \/>\n<\/em><em>&#8211; &#8220;na sala, tinha a suma\u00fama e a gente ajudou a colocar as folhas no ch\u00e3o, na parede e no teto.\u201d<br \/>\n&#8211; &#8220;e tamb\u00e9m tem duas cores de \u00e1gua que n\u00e3o se misturam, o Rio Solim\u00f5es e o Rio Amaz\u00f4nia.\u201d<\/em><\/p>\n<p>Dois pais de alunos foram \u00e0 sala conversar com os alunos. \u00c9lio Karvat, pai da Elena, que trabalha no IBAMA e viveu na Amaz\u00f4nia, relata:\u00a0<em>&#8220;Falei da abrang\u00eancia do bioma, da diversidade de ambientes e, portanto, de organismos vivos na amaz\u00f4nia. Partindo de imagens de animais que geralmente s\u00e3o mostrados nas m\u00eddias, como elefantes, apresentei imagens de animais tipicamente amaz\u00f4nicos, que s\u00e3o pouco conhecidos por quem n\u00e3o \u00e9 da regi\u00e3o, como a pacarana, e expliquei rapidamente como vivia cada esp\u00e9cie. Os alunos n\u00e3o conseguiam identificar a maior parte dos animais amaz\u00f4nicos,\u00a0mas fizeram in\u00fameras perguntas e questionamentos. No final, apresentei algumas algumas imagens que mostravam que o desconhecimento leva a destrui\u00e7\u00e3o desse importante bioma. A conversa foi muito proveitosa e enriquecedora.&#8221;\u00a0<\/em>Elio fez tamb\u00e9m um relato sobre a reintrodu\u00e7\u00e3o na mata dos animais silvestres resgatados de traficantes de animais.<\/p>\n<p>Aylhana Barcaro, mai da Aym\u00ea, aluna que nasceu em Santar\u00e9m, no Par\u00e1, tamb\u00e9m esteve com a turma.\u00a0<em>&#8220;Falei sobre\u00a0o a\u00e7a\u00ed, a pitomba, o muruc\u00ed, o pajur\u00e1, o cupua\u00e7\u00fa e outras frutas. Relatei que a mandioca est\u00e1 na base alimentar da regi\u00e3o, que dela se faz a farinha, a tapioca, o tucup\u00ed, com o qual se faz o tacac\u00e1 e o pato no tucup\u00ed, falei da mani\u00e7oba, que se faz da folha da mandioca, que tem que ser cozida durante v\u00e1rios dias para eliminar um veneno que ela cont\u00e9m.&#8221;\u00a0<\/em><\/p>\n<p><em>&#8220;Falei tamb\u00e9m sobre as brincadeiras das crian\u00e7as ribeirinhas. Enfatizei bastante da intera\u00e7\u00e3o das crian\u00e7as com a natureza, especialmente as crian\u00e7as ribeirinhas. Na Amaz\u00f4nia, h\u00e1 n\u00facleos urbanos, onde a popula\u00e7\u00e3o tem as facilidades do mundo moderno, a internet, a eletricidade. Mas h\u00e1 comunidades e tribos ind\u00edgenas isoladas onde as crian\u00e7as n\u00e3o tem acesso a nada disso. Mostrei as crian\u00e7as brincando nos rios, em canoas, pescando, fazendo jogos coletivos. Falei da import\u00e2ncia do brincar livre, que n\u00e3o precisamos de brinquedos e outras coisas para ter brincadeiras saud\u00e1veis.\u00a0<\/em><em>Quando viram as imagens das crian\u00e7as ind\u00edgenas nuas, perguntaram porque n\u00e3o usavam roupas e se n\u00e3o sentiam frio no inverno. Ent\u00e3o, tivemos que explicar as diferen\u00e7as clim\u00e1ticas, o fato de que l\u00e1 as temperaturas s\u00e3o quentes o ano inteiro.&#8221;\u00a0<\/em><\/p>\n<p>Os alunos se impressionaram com as lendas que tem origem na regi\u00e3o, entre elas a do Boitat\u00e1, da Iara, do Boto Rosa, da Cobra Grande, do Curupira&#8230; Este foi um dos temas apresentados no encontr\u00e3o.<\/p>\n<p>Mas, era inevit\u00e1vel que eles pesquisassem sobre os animais em extin\u00e7\u00e3o e sobre o desmatamento:<br \/>\n<em>&#8211; &#8220;a gente estudou sobre a Amaz\u00f4nia e a gente descobriu que ela est\u00e1 sendo bem desmatada e tamb\u00e9m que o Amazonas \u00e9 o rio mais grande do mundo.\u201d<br \/>\n<\/em><em>&#8211; &#8220;e tem um dos sites mais respeit\u00e1veis do Brasil que est\u00e1 escrito \u2018fazendeiros que\u00a0p\u00f5em fogo na floresta amaz\u00f4nica para ter espa\u00e7o de construir fazendas\u2019.\u201c<br \/>\n<\/em><em>&#8211; &#8220;tem muita gente que mata a floresta e fica atingindo os animais, a\u00ed tem v\u00e1rios animais extintos.\u201d<\/em><\/p>\n<\/div><\/section><\/div><div  class='av-buildercomment  av-blog-meta-author-disabled av-blog-meta-comments-disabled av-blog-meta-category-disabled av-blog-meta-date-disabled av-blog-meta-html-info-disabled av-blog-meta-tag-disabled  '><\/div><\/p>\n","protected":false},"excerpt":{"rendered":"","protected":false},"author":1612,"featured_media":21496,"comment_status":"open","ping_status":"closed","sticky":false,"template":"","format":"standard","meta":{"_acf_changed":false,"_monsterinsights_skip_tracking":false,"_monsterinsights_sitenote_active":false,"_monsterinsights_sitenote_note":"","_monsterinsights_sitenote_category":0,"footnotes":""},"categories":[665,204,200,212,182,180,179,1],"tags":[714,715,716,509,479,480,320,47],"class_list":["post-21447","post","type-post","status-publish","format-standard","has-post-thumbnail","hentry","category-fundamental-1","category-eventos","category-cultura-noticias-escola","category-artes-plasticas","category-cidadania","category-cultura","category-meio-ambiente","category-semcategoria","tag-amazonia","tag-lendas","tag-lendas-amazonicas","tag-fundamental-1","tag-flora","tag-fauna","tag-preservacao","tag-landscape"],"acf":[],"_links":{"self":[{"href":"https:\/\/escoladailha.com.br\/portal\/wp-json\/wp\/v2\/posts\/21447","targetHints":{"allow":["GET"]}}],"collection":[{"href":"https:\/\/escoladailha.com.br\/portal\/wp-json\/wp\/v2\/posts"}],"about":[{"href":"https:\/\/escoladailha.com.br\/portal\/wp-json\/wp\/v2\/types\/post"}],"author":[{"embeddable":true,"href":"https:\/\/escoladailha.com.br\/portal\/wp-json\/wp\/v2\/users\/1612"}],"replies":[{"embeddable":true,"href":"https:\/\/escoladailha.com.br\/portal\/wp-json\/wp\/v2\/comments?post=21447"}],"version-history":[{"count":0,"href":"https:\/\/escoladailha.com.br\/portal\/wp-json\/wp\/v2\/posts\/21447\/revisions"}],"wp:featuredmedia":[{"embeddable":true,"href":"https:\/\/escoladailha.com.br\/portal\/wp-json\/wp\/v2\/media\/21496"}],"wp:attachment":[{"href":"https:\/\/escoladailha.com.br\/portal\/wp-json\/wp\/v2\/media?parent=21447"}],"wp:term":[{"taxonomy":"category","embeddable":true,"href":"https:\/\/escoladailha.com.br\/portal\/wp-json\/wp\/v2\/categories?post=21447"},{"taxonomy":"post_tag","embeddable":true,"href":"https:\/\/escoladailha.com.br\/portal\/wp-json\/wp\/v2\/tags?post=21447"}],"curies":[{"name":"wp","href":"https:\/\/api.w.org\/{rel}","templated":true}]}}