{"id":11653,"date":"2017-11-30T19:02:53","date_gmt":"2017-11-30T21:02:53","guid":{"rendered":"https:\/\/escoladailha.com.br\/portal\/?p=11653"},"modified":"2018-03-26T18:03:22","modified_gmt":"2018-03-26T21:03:22","slug":"projeto-sementes-ao-vento-do-iinfantil-b","status":"publish","type":"post","link":"https:\/\/escoladailha.com.br\/portal\/projeto-sementes-ao-vento-do-iinfantil-b\/","title":{"rendered":"PROJETO SEMENTES AO VENTO DO INFANTIL B"},"content":{"rendered":"<header class=\"entry-content-header\">PROJETO SEMENTES AO VENTO DO INFANTIL B<span class='post-meta-infos'><time class=\"date-container minor-meta updated\"  itemprop=\"datePublished\" datetime=\"2017-11-30T19:02:53-02:00\" >30\/11\/2017<\/time><\/span><\/header>\n<div class=\"flex_column av_one_full  flex_column_div av-zero-column-padding first  avia-builder-el-1  el_after_av_post_meta  el_before_av_two_third  \" style='border-radius:0px; '><section class=\"av_textblock_section \"  itemscope=\"itemscope\" itemtype=\"https:\/\/schema.org\/BlogPosting\" itemprop=\"blogPost\" ><div class='avia_textblock  '   itemprop=\"text\" ><div id='gallery-1' class='gallery galleryid-11653 gallery-columns-3 gallery-size-carousel'><div class=\"carousel_wrap isotope\"><div class=\"carousel_inner\"><div class='gallery-item' item_id='13866'><div class='gallery-item-inner'>\n\t\t\t<div class='gallery-icon landscape'>\n\t\t \t\t<a href=\"https:\/\/escoladailha.com.br\/portal\/wp-content\/uploads\/2017\/11\/DSC01954-2010x1508.jpg\"><img loading=\"lazy\" decoding=\"async\" width=\"240\" height=\"190\" src=\"https:\/\/escoladailha.com.br\/portal\/wp-content\/uploads\/2017\/11\/DSC01954-480x380.jpg\" class=\"attachment-carousel size-carousel\" alt=\"\" srcset=\"https:\/\/escoladailha.com.br\/portal\/wp-content\/uploads\/2017\/11\/DSC01954-480x380.jpg 480w, https:\/\/escoladailha.com.br\/portal\/wp-content\/uploads\/2017\/11\/DSC01954-232x184.jpg 232w\" sizes=\"auto, (max-width: 480px) 100vw, 480px\" \/><\/a>\n\t\t \t<\/div><\/div><\/div><div class='gallery-item' item_id='13867'><div class='gallery-item-inner'>\n\t\t\t<div class='gallery-icon portrait'>\n\t\t \t\t<a href=\"https:\/\/escoladailha.com.br\/portal\/wp-content\/uploads\/2017\/11\/DSC01961-1508x2010.jpg\"><img loading=\"lazy\" decoding=\"async\" width=\"240\" height=\"190\" src=\"https:\/\/escoladailha.com.br\/portal\/wp-content\/uploads\/2017\/11\/DSC01961-480x380.jpg\" class=\"attachment-carousel size-carousel\" alt=\"\" srcset=\"https:\/\/escoladailha.com.br\/portal\/wp-content\/uploads\/2017\/11\/DSC01961-480x380.jpg 480w, https:\/\/escoladailha.com.br\/portal\/wp-content\/uploads\/2017\/11\/DSC01961-232x184.jpg 232w\" sizes=\"auto, (max-width: 480px) 100vw, 480px\" \/><\/a>\n\t\t \t<\/div><\/div><\/div><div class='gallery-item' item_id='14212'><div class='gallery-item-inner'>\n\t\t\t<div class='gallery-icon portrait'>\n\t\t \t\t<a href=\"https:\/\/escoladailha.com.br\/portal\/wp-content\/uploads\/2017\/11\/DSC00774-1508x2010.jpg\"><img loading=\"lazy\" decoding=\"async\" width=\"240\" height=\"190\" src=\"https:\/\/escoladailha.com.br\/portal\/wp-content\/uploads\/2017\/11\/DSC00774-480x380.jpg\" class=\"attachment-carousel size-carousel\" alt=\"\" srcset=\"https:\/\/escoladailha.com.br\/portal\/wp-content\/uploads\/2017\/11\/DSC00774-480x380.jpg 480w, https:\/\/escoladailha.com.br\/portal\/wp-content\/uploads\/2017\/11\/DSC00774-232x184.jpg 232w\" sizes=\"auto, (max-width: 480px) 100vw, 480px\" \/><\/a>\n\t\t \t<\/div><\/div><\/div><div class='gallery-item' item_id='14210'><div class='gallery-item-inner'>\n\t\t\t<div class='gallery-icon landscape'>\n\t\t \t\t<a href=\"https:\/\/escoladailha.com.br\/portal\/wp-content\/uploads\/2017\/11\/DSC00737-2010x1508.jpg\"><img loading=\"lazy\" decoding=\"async\" width=\"240\" height=\"190\" src=\"https:\/\/escoladailha.com.br\/portal\/wp-content\/uploads\/2017\/11\/DSC00737-480x380.jpg\" class=\"attachment-carousel size-carousel\" alt=\"\" srcset=\"https:\/\/escoladailha.com.br\/portal\/wp-content\/uploads\/2017\/11\/DSC00737-480x380.jpg 480w, https:\/\/escoladailha.com.br\/portal\/wp-content\/uploads\/2017\/11\/DSC00737-232x184.jpg 232w\" sizes=\"auto, (max-width: 480px) 100vw, 480px\" \/><\/a>\n\t\t \t<\/div><\/div><\/div><div class='gallery-item' item_id='13865'><div class='gallery-item-inner'>\n\t\t\t<div class='gallery-icon landscape'>\n\t\t \t\t<a href=\"https:\/\/escoladailha.com.br\/portal\/wp-content\/uploads\/2017\/11\/DSC01758-2010x1508.jpg\"><img loading=\"lazy\" decoding=\"async\" width=\"240\" height=\"190\" src=\"https:\/\/escoladailha.com.br\/portal\/wp-content\/uploads\/2017\/11\/DSC01758-480x380.jpg\" class=\"attachment-carousel size-carousel\" alt=\"\" srcset=\"https:\/\/escoladailha.com.br\/portal\/wp-content\/uploads\/2017\/11\/DSC01758-480x380.jpg 480w, https:\/\/escoladailha.com.br\/portal\/wp-content\/uploads\/2017\/11\/DSC01758-232x184.jpg 232w\" sizes=\"auto, (max-width: 480px) 100vw, 480px\" \/><\/a>\n\t\t \t<\/div><\/div><\/div><div class='gallery-item' item_id='13830'><div class='gallery-item-inner'>\n\t\t\t<div class='gallery-icon landscape'>\n\t\t \t\t<a href=\"https:\/\/escoladailha.com.br\/portal\/wp-content\/uploads\/2017\/11\/DSC00642-2010x1508.jpg\"><img loading=\"lazy\" decoding=\"async\" width=\"240\" height=\"190\" src=\"https:\/\/escoladailha.com.br\/portal\/wp-content\/uploads\/2017\/11\/DSC00642-480x380.jpg\" class=\"attachment-carousel size-carousel\" alt=\"\" srcset=\"https:\/\/escoladailha.com.br\/portal\/wp-content\/uploads\/2017\/11\/DSC00642-480x380.jpg 480w, https:\/\/escoladailha.com.br\/portal\/wp-content\/uploads\/2017\/11\/DSC00642-232x184.jpg 232w\" sizes=\"auto, (max-width: 480px) 100vw, 480px\" \/><\/a>\n\t\t \t<\/div><\/div><\/div><div class='gallery-item' item_id='13868'><div class='gallery-item-inner'>\n\t\t\t<div class='gallery-icon portrait'>\n\t\t \t\t<a href=\"https:\/\/escoladailha.com.br\/portal\/wp-content\/uploads\/2017\/11\/DSC03346-1508x2010.jpg\"><img loading=\"lazy\" decoding=\"async\" width=\"240\" height=\"190\" src=\"https:\/\/escoladailha.com.br\/portal\/wp-content\/uploads\/2017\/11\/DSC03346-480x380.jpg\" class=\"attachment-carousel size-carousel\" alt=\"\" srcset=\"https:\/\/escoladailha.com.br\/portal\/wp-content\/uploads\/2017\/11\/DSC03346-480x380.jpg 480w, https:\/\/escoladailha.com.br\/portal\/wp-content\/uploads\/2017\/11\/DSC03346-232x184.jpg 232w\" sizes=\"auto, (max-width: 480px) 100vw, 480px\" \/><\/a>\n\t\t \t<\/div><\/div><\/div><div class='gallery-item' item_id='13870'><div class='gallery-item-inner'>\n\t\t\t<div class='gallery-icon landscape'>\n\t\t \t\t<a href=\"https:\/\/escoladailha.com.br\/portal\/wp-content\/uploads\/2017\/11\/DSC01966-2010x1508.jpg\"><img loading=\"lazy\" decoding=\"async\" width=\"240\" height=\"190\" src=\"https:\/\/escoladailha.com.br\/portal\/wp-content\/uploads\/2017\/11\/DSC01966-480x380.jpg\" class=\"attachment-carousel size-carousel\" alt=\"\" srcset=\"https:\/\/escoladailha.com.br\/portal\/wp-content\/uploads\/2017\/11\/DSC01966-480x380.jpg 480w, https:\/\/escoladailha.com.br\/portal\/wp-content\/uploads\/2017\/11\/DSC01966-232x184.jpg 232w\" sizes=\"auto, (max-width: 480px) 100vw, 480px\" \/><\/a>\n\t\t \t<\/div><\/div><\/div><div class='gallery-item' item_id='13869'><div class='gallery-item-inner'>\n\t\t\t<div class='gallery-icon portrait'>\n\t\t \t\t<a href=\"https:\/\/escoladailha.com.br\/portal\/wp-content\/uploads\/2017\/11\/DSC01964-1508x2010.jpg\"><img loading=\"lazy\" decoding=\"async\" width=\"240\" height=\"190\" src=\"https:\/\/escoladailha.com.br\/portal\/wp-content\/uploads\/2017\/11\/DSC01964-480x380.jpg\" class=\"attachment-carousel size-carousel\" alt=\"\" srcset=\"https:\/\/escoladailha.com.br\/portal\/wp-content\/uploads\/2017\/11\/DSC01964-480x380.jpg 480w, https:\/\/escoladailha.com.br\/portal\/wp-content\/uploads\/2017\/11\/DSC01964-232x184.jpg 232w\" sizes=\"auto, (max-width: 480px) 100vw, 480px\" \/><\/a>\n\t\t \t<\/div><\/div><\/div><\/div><div style=\"clear: both\"><\/div><img loading=\"lazy\" decoding=\"async\" src=\"https:\/\/escoladailha.com.br\/portal\/wp-content\/plugins\/ei-galerias-da-ilha\/images\/gallery_prev.png\" width=\"16\" height=\"30\" class=\"gallery-prev\"><img loading=\"lazy\" decoding=\"async\" src=\"https:\/\/escoladailha.com.br\/portal\/wp-content\/plugins\/ei-galerias-da-ilha\/images\/gallery_next.png\" width=\"16\" height=\"30\" class=\"gallery-next\"><\/div>\n\t\t<\/div>\n\n<\/div><\/section><\/div>\n<div class=\"flex_column av_two_third  flex_column_div av-zero-column-padding first  avia-builder-el-3  el_after_av_one_full  el_before_av_comments_list  column-top-margin\" style='border-radius:0px; '><section class=\"av_textblock_section \"  itemscope=\"itemscope\" itemtype=\"https:\/\/schema.org\/BlogPosting\" itemprop=\"blogPost\" ><div class='avia_textblock  '   itemprop=\"text\" ><p>O Dia da \u00c1rvore &#8211; comemorado no Brasil em 21 de setembro &#8211; foi um dia especial para os alunos do Infantil B: eles visitaram\u00a0o Parque Municipal do C\u00f3rrego Grande <a href=\"https:\/\/escoladailha.com.br\/portal\/portfolio-item\/o-infantil-b-visita-parque-no-dia-da-arvore\/\">(veja as fotos)<\/a>, observaram as \u00e1rvores, cantaram a can\u00e7\u00e3o da turma relacionada ao plantio, conversaram sobre os insetos, brincaram e fizeram um piquenique.<\/p>\n<p>A visita faz parte do Projeto Sementes ao Vento, cujo objetivo \u00e9 levar as crian\u00e7as a descobrir como nasce e cresce uma planta, do plantio da sementinha at\u00e9 a sua transforma\u00e7\u00e3o em planta ou \u00e1rvore e, com isso, se conscientizar sobre os cuidados que devemos ter com a natureza. \u201c<em>N\u00f3s j\u00e1 plantamos feij\u00e3o, espinafre e salsinha em sala, e, al\u00e9m disso, cada aluno teve a oportunidade de plantar um girassol e de lev\u00e1-lo para o seu lar para poder cuidar e observar com a fam\u00edlia<\/em>\u201d, revela a professora Chrystiane Rosa. &#8220;<em>Este tema foi o que mais interessou o grupo no in\u00edcio do ano, por isso escolheram o nome de Turma do Girassol<\/em>&#8220;.<\/p>\n<p>Al\u00e9m do plantio, os alunos estudam sobre a import\u00e2ncia do sol e da chuva para o crescimento das plantas, assim como cada parte que constitui uma \u00e1rvore: ra\u00edzes, caules, folhas, frutos e flores.<\/p>\n<p>S\u00edmbolo da natureza, a \u00e1rvore \u00e9 uma das mais importantes riquezas naturais que possu\u00edmos, pois s\u00e3o imprescind\u00edveis para a vida na Terra, j\u00e1 que s\u00e3o as respons\u00e1veis pela umidade do ar, produzem oxig\u00eanio, evitam eros\u00e3o, reduzem a temperatura, fornecem sombra, alimento e abrigo para muitas esp\u00e9cies, inclusive o homem, nos presenteiam com o aroma de suas flores, nos fornecem madeira para as constru\u00e7\u00f5es e o mobili\u00e1rio, etc.<\/p>\n<p>Al\u00e9m de gerar atividades pedag\u00f3gicas em todas as \u00e1reas, a professora espera, com este projeto, \u00a0contribuir para que as crian\u00e7as &#8211; e a pr\u00f3xima gera\u00e7\u00e3o de adultos &#8211; ganhem consci\u00eancia da import\u00e2ncia das florestas, da luta contra o desmatamento e da preserva\u00e7\u00e3o do meio ambiente. As varias etapas desse trabalho podem ser vistas nos links das galerias de fotos: <a href=\"https:\/\/escoladailha.com.br\/portal\/portfolio-item\/o-projeto-sementes-ao-vento-do-infantil-b-2\/\">O projeto e o plantio <\/a>, <a href=\"https:\/\/escoladailha.com.br\/portal\/portfolio-item\/observacao-das-plantas-no-infantil-b\/\">Observa\u00e7\u00e3o das plantas<\/a> e <a href=\"https:\/\/escoladailha.com.br\/portal\/portfolio-item\/os-pequenos-gourmets-do-infantil-b\/\">Pequenos Gourmets<\/a>.<\/p>\n<p>O resultado deste trabalho tamb\u00e9m foi apresentado no Arte na Ilha, na 3\u00aa noite do evento, 4\u00aa feira, como voc\u00ea pode conferir no v\u00eddeo abaixo.<\/p>\n<div class='avia-iframe-wrap'><iframe loading=\"lazy\" width=\"1500\" height=\"844\" src=\"https:\/\/www.youtube.com\/embed\/jq0jCM8f9QA?feature=oembed\" frameborder=\"0\" gesture=\"media\" allow=\"encrypted-media\" allowfullscreen><\/iframe><\/div>\n<\/div><\/section><\/div><div  class='av-buildercomment  av-blog-meta-author-disabled av-blog-meta-comments-disabled av-blog-meta-category-disabled av-blog-meta-date-disabled av-blog-meta-html-info-disabled av-blog-meta-tag-disabled  '><\/div><\/p>\n","protected":false},"excerpt":{"rendered":"","protected":false},"author":1657,"featured_media":14278,"comment_status":"open","ping_status":"closed","sticky":false,"template":"","format":"standard","meta":{"_acf_changed":false,"_monsterinsights_skip_tracking":false,"_monsterinsights_sitenote_active":false,"_monsterinsights_sitenote_note":"","_monsterinsights_sitenote_category":0,"footnotes":""},"categories":[201,209,179],"tags":[267,236,131,46],"class_list":["post-11653","post","type-post","status-publish","format-standard","has-post-thumbnail","hentry","category-projetos","category-saida-pedagogica","category-meio-ambiente","tag-horto-florestal-corrego-grande","tag-consciencia-ambiental","tag-meio-ambiente","tag-portrait"],"acf":[],"_links":{"self":[{"href":"https:\/\/escoladailha.com.br\/portal\/wp-json\/wp\/v2\/posts\/11653","targetHints":{"allow":["GET"]}}],"collection":[{"href":"https:\/\/escoladailha.com.br\/portal\/wp-json\/wp\/v2\/posts"}],"about":[{"href":"https:\/\/escoladailha.com.br\/portal\/wp-json\/wp\/v2\/types\/post"}],"author":[{"embeddable":true,"href":"https:\/\/escoladailha.com.br\/portal\/wp-json\/wp\/v2\/users\/1657"}],"replies":[{"embeddable":true,"href":"https:\/\/escoladailha.com.br\/portal\/wp-json\/wp\/v2\/comments?post=11653"}],"version-history":[{"count":0,"href":"https:\/\/escoladailha.com.br\/portal\/wp-json\/wp\/v2\/posts\/11653\/revisions"}],"wp:featuredmedia":[{"embeddable":true,"href":"https:\/\/escoladailha.com.br\/portal\/wp-json\/wp\/v2\/media\/14278"}],"wp:attachment":[{"href":"https:\/\/escoladailha.com.br\/portal\/wp-json\/wp\/v2\/media?parent=11653"}],"wp:term":[{"taxonomy":"category","embeddable":true,"href":"https:\/\/escoladailha.com.br\/portal\/wp-json\/wp\/v2\/categories?post=11653"},{"taxonomy":"post_tag","embeddable":true,"href":"https:\/\/escoladailha.com.br\/portal\/wp-json\/wp\/v2\/tags?post=11653"}],"curies":[{"name":"wp","href":"https:\/\/api.w.org\/{rel}","templated":true}]}}